{"id":77,"date":"2009-02-27T21:17:06","date_gmt":"2009-02-27T20:17:06","guid":{"rendered":"http:\/\/aeroclub-creil.org\/?p=77"},"modified":"2009-02-27T21:17:06","modified_gmt":"2009-02-27T20:17:06","slug":"soiree-vol-de-nuit-raclette","status":"publish","type":"post","link":"https:\/\/aeroclubduvalois.fr\/index.php\/2009\/02\/27\/soiree-vol-de-nuit-raclette\/","title":{"rendered":"Soir\u00e9e Vol de nuit \/ Raclette"},"content":{"rendered":"<figure id=\"attachment_80\" aria-describedby=\"caption-attachment-80\" style=\"width: 150px\" class=\"wp-caption alignright\"><a href=\"http:\/\/aeroclubduvalois.fr\/wp-content\/uploads\/2009\/02\/Avions_fgxbb_vdn_20090227_047.jpg\"><img loading=\"lazy\" decoding=\"async\" class=\"size-thumbnail wp-image-80\" title=\"&quot;Bravo-Deux fois&quot; au d\u00e9part pour un vol de nuit\" src=\"http:\/\/aeroclubduvalois.fr\/wp-content\/uploads\/2009\/02\/Avions_fgxbb_vdn_20090227_047-150x150.jpg\" alt=\"&quot;Bravo-Deux fois&quot; au d\u00e9part pour un vol de nuit\" width=\"150\" height=\"150\" \/><\/a><figcaption id=\"caption-attachment-80\" class=\"wp-caption-text\">&quot;Bravo-Deux fois&quot; au d\u00e9part pour un vol de nuit<\/figcaption><\/figure>\n<p style=\"text-align: justify;\">La m\u00e9t\u00e9o ayant \u00e9t\u00e9 plus cl\u00e9mente que lors de la soir\u00e9e <a title=\"http:\/\/albums.aeroclubduvalois.fr\/index.php?\/category\/4\" rel=\"nofollow\" href=\"http:\/\/albums.aeroclubduvalois.fr\/index.php?\/category\/4\">Moules-Frites<\/a> du 23 janvier dernier, notre derni\u00e8re soir\u00e9e &#8216;Vol de Nuit + Repas&#8217; hivernale a bien pu se d\u00e9rouler comme pr\u00e9vu, ce vendredi 27 f\u00e9vrier.<\/p>\n<p style=\"text-align: justify;\">Une trentaine de personnes \u00e9taient pr\u00e9sentes. 24 d&#8217;entre-elles ont pu d\u00e9couvrir les plaisirs du vol de nuit \u00e0 bord du DR 400 <a title=\"Robin DR 400-180 \u201cR\u00e9gent\u201d F-GXBB\" href=\"http:\/\/aeroclubduvalois.fr\/?page_id=176\">F-GXBB<\/a> et du PA-32 F-BRIR ; 6 sorties ont \u00e9t\u00e9 effectu\u00e9es. A l&#8217;issue des vols, tout ce petit monde a mis les pieds sous la table pour se r\u00e9chauffer devant une raclette.<\/p>\n<p style=\"text-align: justify;\">Retrouvez <a title=\"http:\/\/albums.aeroclubduvalois.fr\/index.php?\/category\/10\" rel=\"nofollow\" href=\"http:\/\/albums.aeroclubduvalois.fr\/index.php?\/category\/10\">les photos de la soir\u00e9e<\/a> dans notre section <a title=\"http:\/\/albums.aeroclubduvalois.fr\" rel=\"nofollow\" href=\"http:\/\/albums.aeroclubduvalois.fr\/\">Albums<\/a>.<\/p>\n","protected":false},"excerpt":{"rendered":"<p>La m\u00e9t\u00e9o ayant \u00e9t\u00e9 plus cl\u00e9mente que lors de la soir\u00e9e Moules-Frites du 23 janvier dernier, notre derni\u00e8re soir\u00e9e &#8216;Vol de Nuit + Repas&#8217; hivernale a bien pu se d\u00e9rouler &hellip; <\/p>\n<p class=\"link-more\"><a href=\"https:\/\/aeroclubduvalois.fr\/index.php\/2009\/02\/27\/soiree-vol-de-nuit-raclette\/\" class=\"more-link\">Lire la suite de<span class=\"screen-reader-text\">\u00ab\u00a0Soir\u00e9e Vol de nuit \/ Raclette\u00a0\u00bb<\/span><\/a><\/p>\n","protected":false},"author":13,"featured_media":0,"comment_status":"closed","ping_status":"closed","sticky":false,"template":"","format":"standard","meta":{"footnotes":""},"categories":[9],"tags":[],"class_list":["post-77","post","type-post","status-publish","format-standard","hentry","category-evenements"],"_links":{"self":[{"href":"https:\/\/aeroclubduvalois.fr\/index.php\/wp-json\/wp\/v2\/posts\/77","targetHints":{"allow":["GET"]}}],"collection":[{"href":"https:\/\/aeroclubduvalois.fr\/index.php\/wp-json\/wp\/v2\/posts"}],"about":[{"href":"https:\/\/aeroclubduvalois.fr\/index.php\/wp-json\/wp\/v2\/types\/post"}],"author":[{"embeddable":true,"href":"https:\/\/aeroclubduvalois.fr\/index.php\/wp-json\/wp\/v2\/users\/13"}],"replies":[{"embeddable":true,"href":"https:\/\/aeroclubduvalois.fr\/index.php\/wp-json\/wp\/v2\/comments?post=77"}],"version-history":[{"count":0,"href":"https:\/\/aeroclubduvalois.fr\/index.php\/wp-json\/wp\/v2\/posts\/77\/revisions"}],"wp:attachment":[{"href":"https:\/\/aeroclubduvalois.fr\/index.php\/wp-json\/wp\/v2\/media?parent=77"}],"wp:term":[{"taxonomy":"category","embeddable":true,"href":"https:\/\/aeroclubduvalois.fr\/index.php\/wp-json\/wp\/v2\/categories?post=77"},{"taxonomy":"post_tag","embeddable":true,"href":"https:\/\/aeroclubduvalois.fr\/index.php\/wp-json\/wp\/v2\/tags?post=77"}],"curies":[{"name":"wp","href":"https:\/\/api.w.org\/{rel}","templated":true}]}}