{"id":6405,"date":"2026-09-05T07:57:37","date_gmt":"2026-09-05T05:57:37","guid":{"rendered":"https:\/\/aeroclubduvalois.fr\/?p=6405"},"modified":"2026-09-05T07:57:38","modified_gmt":"2026-09-05T05:57:38","slug":"benjamin-est-le-6eme","status":"publish","type":"post","link":"https:\/\/aeroclubduvalois.fr\/index.php\/2026\/09\/05\/benjamin-est-le-6eme\/","title":{"rendered":"Benjamin est le 6eme !"},"content":{"rendered":"\n<p class=\"wp-block-paragraph\"><strong>Un de plus dans la lign\u00e9e des pilotes du Valois !<\/strong><\/p>\n\n\n\n<p class=\"wp-block-paragraph\">Ce jeudi 03 septembre, la tradition s\u2019est perp\u00e9tu\u00e9e \u00e0 l&#8217;A\u00e9roclub du Valois : <strong>Benjamin<\/strong> a brillamment d\u00e9croch\u00e9 son <strong>PPL<\/strong> (Licence de Pilote Priv\u00e9), devenant ainsi le <strong>6\u1d49 brevet\u00e9 de l&#8217;ann\u00e9e<\/strong> !<\/p>\n\n\n\n<p class=\"wp-block-paragraph\">Pour franchir cette \u00e9tape cl\u00e9, il a pu compter sur la rigueur et les pr\u00e9cieux conseils de <strong>Roland<\/strong>, son instructeur. Mais le grand test final est venu de <strong>St\u00e9phane<\/strong>, notre FE attitr\u00e9.<\/p>\n\n\n\n<div class=\"wp-block-media-text is-stacked-on-mobile\"><figure class=\"wp-block-media-text__media\"><img loading=\"lazy\" decoding=\"async\" width=\"576\" height=\"1024\" src=\"https:\/\/aeroclubduvalois.fr\/wp-content\/uploads\/2026\/09\/stef-576x1024.jpeg\" alt=\"\" class=\"wp-image-6407 size-full\" srcset=\"https:\/\/aeroclubduvalois.fr\/wp-content\/uploads\/2026\/09\/stef-576x1024.jpeg 576w, https:\/\/aeroclubduvalois.fr\/wp-content\/uploads\/2026\/09\/stef-169x300.jpeg 169w, https:\/\/aeroclubduvalois.fr\/wp-content\/uploads\/2026\/09\/stef.jpeg 768w\" sizes=\"auto, (max-width: 576px) 100vw, 576px\" \/><\/figure><div class=\"wp-block-media-text__content\">\n<p class=\"wp-block-paragraph\">La l\u00e9gende raconte d&#8217;ailleurs que St\u00e9phane n&#8217;a m\u00eame pas besoin de monter dans l&#8217;avion pour scruter un test : gr\u00e2ce \u00e0 sa vision laser haute pr\u00e9cision, il est capable de rep\u00e9rer un arrondi l\u00e9g\u00e8rement trop haut ou un demi-degr\u00e9 de d\u00e9rive depuis l&#8217;orbite basse terrestre.<\/p>\n\n\n\n<p class=\"wp-block-paragraph\">Malgr\u00e9 cette surveillance satellite sans piti\u00e9, Benjamin a gard\u00e9 son sang-froid et align\u00e9 une prestation impeccable !<\/p>\n<\/div><\/div>\n\n\n\n<p class=\"wp-block-paragraph\"><\/p>\n\n\n\n<p class=\"wp-block-paragraph\">F\u00e9licitations \u00e0 Benjamin pour cette belle r\u00e9ussite, merci \u00e0 Roland pour la formation, et un grand bravo \u00e0 St\u00e9phane d&#8217;avoir valid\u00e9 l&#8217;\u00e9preuve (m\u00eame avec les r\u00e9glages de ses lasers au maximum).<\/p>\n\n\n\n<p class=\"wp-block-paragraph\">Bons vols \u00e0 notre nouveau pilote, et \u00e0 qui le tour pour affronter la t\u00e9l\u00e9d\u00e9tection du 7\u1d49 brevet ?<\/p>\n\n\n\n<p class=\"wp-block-paragraph\"><\/p>\n\n\n\n<p class=\"wp-block-paragraph\"><\/p>\n\n\n\n<figure class=\"wp-block-image aligncenter size-large\"><img decoding=\"async\" src=\"https:\/\/aeroclubduvalois.fr\/wp-content\/uploads\/2026\/09\/WhatsApp-Image-2026-09-03-at-17.15.29-1024x768.jpeg\" alt=\"\" class=\"wp-image-6406\"\/><\/figure>\n","protected":false},"excerpt":{"rendered":"<p>Un de plus dans la lign\u00e9e des pilotes du Valois ! Ce jeudi 03 septembre, la tradition s\u2019est perp\u00e9tu\u00e9e \u00e0 l&#8217;A\u00e9roclub du Valois : Benjamin a brillamment d\u00e9croch\u00e9 son PPL &hellip; <\/p>\n<p class=\"link-more\"><a href=\"https:\/\/aeroclubduvalois.fr\/index.php\/2026\/09\/05\/benjamin-est-le-6eme\/\" class=\"more-link\">Lire la suite de<span class=\"screen-reader-text\">\u00ab\u00a0Benjamin est le 6eme !\u00a0\u00bb<\/span><\/a><\/p>\n","protected":false},"author":13,"featured_media":6406,"comment_status":"open","ping_status":"open","sticky":false,"template":"","format":"standard","meta":{"footnotes":""},"categories":[2,6,10],"tags":[],"class_list":["post-6405","post","type-post","status-publish","format-standard","has-post-thumbnail","hentry","category-annonces","category-avions_ecole","category-examens"],"_links":{"self":[{"href":"https:\/\/aeroclubduvalois.fr\/index.php\/wp-json\/wp\/v2\/posts\/6405","targetHints":{"allow":["GET"]}}],"collection":[{"href":"https:\/\/aeroclubduvalois.fr\/index.php\/wp-json\/wp\/v2\/posts"}],"about":[{"href":"https:\/\/aeroclubduvalois.fr\/index.php\/wp-json\/wp\/v2\/types\/post"}],"author":[{"embeddable":true,"href":"https:\/\/aeroclubduvalois.fr\/index.php\/wp-json\/wp\/v2\/users\/13"}],"replies":[{"embeddable":true,"href":"https:\/\/aeroclubduvalois.fr\/index.php\/wp-json\/wp\/v2\/comments?post=6405"}],"version-history":[{"count":2,"href":"https:\/\/aeroclubduvalois.fr\/index.php\/wp-json\/wp\/v2\/posts\/6405\/revisions"}],"predecessor-version":[{"id":6409,"href":"https:\/\/aeroclubduvalois.fr\/index.php\/wp-json\/wp\/v2\/posts\/6405\/revisions\/6409"}],"wp:featuredmedia":[{"embeddable":true,"href":"https:\/\/aeroclubduvalois.fr\/index.php\/wp-json\/wp\/v2\/media\/6406"}],"wp:attachment":[{"href":"https:\/\/aeroclubduvalois.fr\/index.php\/wp-json\/wp\/v2\/media?parent=6405"}],"wp:term":[{"taxonomy":"category","embeddable":true,"href":"https:\/\/aeroclubduvalois.fr\/index.php\/wp-json\/wp\/v2\/categories?post=6405"},{"taxonomy":"post_tag","embeddable":true,"href":"https:\/\/aeroclubduvalois.fr\/index.php\/wp-json\/wp\/v2\/tags?post=6405"}],"curies":[{"name":"wp","href":"https:\/\/api.w.org\/{rel}","templated":true}]}}