{"id":5824,"date":"2025-01-16T17:58:04","date_gmt":"2025-01-16T16:58:04","guid":{"rendered":"https:\/\/aeroclubduvalois.fr\/?p=5824"},"modified":"2025-07-12T08:04:48","modified_gmt":"2025-07-12T06:04:48","slug":"lache-solo-de-pauline","status":"publish","type":"post","link":"https:\/\/aeroclubduvalois.fr\/index.php\/2025\/01\/16\/lache-solo-de-pauline\/","title":{"rendered":"Lach\u00e9 solo de Pauline"},"content":{"rendered":"\n<p>C\u2019est avec une immense joie que l\u2019A\u00e9roclub vous annonce une grande \u00e9tape franchie aujourd\u2019hui par Pauline : son premier vol solo.<\/p>\n\n\n\n<p>Depuis ses d\u00e9buts, Pauline s\u2019est distingu\u00e9e par son s\u00e9rieux, sa passion pour l\u2019aviation, et son engagement \u00e0 progresser. Motiv\u00e9e, travailleuse et toujours \u00e0 l\u2019\u00e9coute, elle a su assimiler avec brio les enseignements de ses instructeurs St\u00e9phane et Roland, qui l\u2019ont accompagn\u00e9e tout au long de son parcours.<\/p>\n\n\n\n<p>Le jour J, par une &#8220;belle&#8221; journ\u00e9e de janvier sous le soleil de Picardie, Pauline a pris les commandes du F-GYLC, laissant derri\u00e8re elle la s\u00e9curit\u00e9 d\u2019une double commande. Elle a d\u00e9coll\u00e9 avec assurance, d\u00e9montrant une ma\u00eetrise remarquable \u00e0 chaque phase du vol. \u00c0 l\u2019atterrissage, elle a \u00e9t\u00e9 accueillie avec enthousiasme par Roland.<\/p>\n\n\n\n<p>Ce l\u00e2ch\u00e9 solo est une \u00e9tape cl\u00e9 dans son parcours de pilote, marquant le d\u00e9but d\u2019une aventure qui la conduira vers de nouveaux horizons. F\u00e9licitations \u00e0 Pauline pour ce succ\u00e8s m\u00e9rit\u00e9, et bon vent pour la suite de sa formation !<\/p>\n\n\n\n<p><strong>Vid\u00e9o \u2193<\/strong><\/p>\n\n\n\n<figure class=\"wp-block-video\"><video height=\"720\" style=\"aspect-ratio: 1280 \/ 720;\" width=\"1280\" controls preload=\"auto\" src=\"https:\/\/aeroclubduvalois.fr\/wp-content\/uploads\/2025\/01\/2.mp4\"><\/video><\/figure>\n","protected":false},"excerpt":{"rendered":"<p>C\u2019est avec une immense joie que l\u2019A\u00e9roclub vous annonce une grande \u00e9tape franchie aujourd\u2019hui par Pauline : son premier vol solo. Depuis ses d\u00e9buts, Pauline s\u2019est distingu\u00e9e par son s\u00e9rieux, &hellip; <\/p>\n<p class=\"link-more\"><a href=\"https:\/\/aeroclubduvalois.fr\/index.php\/2025\/01\/16\/lache-solo-de-pauline\/\" class=\"more-link\">Lire la suite de<span class=\"screen-reader-text\">\u00ab\u00a0Lach\u00e9 solo de Pauline\u00a0\u00bb<\/span><\/a><\/p>\n","protected":false},"author":13,"featured_media":5832,"comment_status":"open","ping_status":"open","sticky":false,"template":"","format":"standard","meta":{"footnotes":""},"categories":[2],"tags":[42,117,131,84,121,89],"class_list":["post-5824","post","type-post","status-publish","format-standard","has-post-thumbnail","hentry","category-annonces","tag-dr400","tag-eleve","tag-pauline","tag-ppl","tag-roland","tag-solo"],"_links":{"self":[{"href":"https:\/\/aeroclubduvalois.fr\/index.php\/wp-json\/wp\/v2\/posts\/5824","targetHints":{"allow":["GET"]}}],"collection":[{"href":"https:\/\/aeroclubduvalois.fr\/index.php\/wp-json\/wp\/v2\/posts"}],"about":[{"href":"https:\/\/aeroclubduvalois.fr\/index.php\/wp-json\/wp\/v2\/types\/post"}],"author":[{"embeddable":true,"href":"https:\/\/aeroclubduvalois.fr\/index.php\/wp-json\/wp\/v2\/users\/13"}],"replies":[{"embeddable":true,"href":"https:\/\/aeroclubduvalois.fr\/index.php\/wp-json\/wp\/v2\/comments?post=5824"}],"version-history":[{"count":10,"href":"https:\/\/aeroclubduvalois.fr\/index.php\/wp-json\/wp\/v2\/posts\/5824\/revisions"}],"predecessor-version":[{"id":5841,"href":"https:\/\/aeroclubduvalois.fr\/index.php\/wp-json\/wp\/v2\/posts\/5824\/revisions\/5841"}],"wp:featuredmedia":[{"embeddable":true,"href":"https:\/\/aeroclubduvalois.fr\/index.php\/wp-json\/wp\/v2\/media\/5832"}],"wp:attachment":[{"href":"https:\/\/aeroclubduvalois.fr\/index.php\/wp-json\/wp\/v2\/media?parent=5824"}],"wp:term":[{"taxonomy":"category","embeddable":true,"href":"https:\/\/aeroclubduvalois.fr\/index.php\/wp-json\/wp\/v2\/categories?post=5824"},{"taxonomy":"post_tag","embeddable":true,"href":"https:\/\/aeroclubduvalois.fr\/index.php\/wp-json\/wp\/v2\/tags?post=5824"}],"curies":[{"name":"wp","href":"https:\/\/api.w.org\/{rel}","templated":true}]}}