{"id":573,"date":"2010-04-30T06:26:41","date_gmt":"2010-04-30T04:26:41","guid":{"rendered":"http:\/\/aeroclub-creil.org\/?p=573"},"modified":"2010-04-30T06:26:41","modified_gmt":"2010-04-30T04:26:41","slug":"assemblee-generale-du-samedi-8-mai-2010","status":"publish","type":"post","link":"https:\/\/aeroclubduvalois.fr\/index.php\/2010\/04\/30\/assemblee-generale-du-samedi-8-mai-2010\/","title":{"rendered":"Assembl\u00e9e g\u00e9n\u00e9rale du samedi 8 mai 2010"},"content":{"rendered":"<p>Chers membres,<\/p>\n<p style=\"text-align: justify;\">vous \u00eates convi\u00e9s \u00e0 notre assembl\u00e9e g\u00e9n\u00e9rale annuelle qui se tiendra le 8 mai 2010 \u00e0 16h30 dans les locaux de l&#8217;association. Les convocations sont envoy\u00e9es par courrier, et comportent un pouvoir pour ceux qui ne pourraient se d\u00e9placer. Afin que cette assembl\u00e9e soit repr\u00e9sentative, il est souhaitable que le maximum de membres soient pr\u00e9sents ce jour-l\u00e0. Aussi, nous demandons aux membres non encore r\u00e9inscrits, de bien vouloir venir cette semaine r\u00e9gulariser leur situation. M. R\u00e9gis COLAS sera pr\u00e9sent tous les apr\u00e8s-midis au secr\u00e9tariat, \u00e0 partir de 15h30.<\/p>\n<div style=\"text-align: justify;\">Pour information, nous rappelons qu&#8217;un ap\u00e9ritif suivi d&#8217;un barbecue sera organis\u00e9 apr\u00e8s l&#8217;assembl\u00e9e.<\/div>\n<h3>Quelques rappels :<\/h3>\n<p style=\"text-align: justify;\">Nous vous rappelons que seuls peuvent prendre part au vote les membres actifs \u00e0 jour de leur cotisation depuis au moins six mois, titulaires d&#8217;une licence f\u00e9d\u00e9rale en cours de validit\u00e9.<\/p>\n<p style=\"text-align: justify;\">Les candidats \u00e0 l&#8217;\u00e9lection du conseil d&#8217;administration devront d\u00e9poser leur candidature par \u00e9crit aupr\u00e8s du secr\u00e9tariat avant le samedi 1er mai 2010 dernier d\u00e9lai. Ne peuvent \u00eatre candidats que les personnes \u00e2g\u00e9es de 18 ans au moins le jour de l&#8217;\u00e9lection.<\/p>\n<h3>Ordre du jour :<\/h3>\n<ul>\n<li>rapport moral ;<\/li>\n<li>rapport d&#8217;activit\u00e9 ;<\/li>\n<li>rapport financier ;<\/li>\n<li>\u00e9lection pour renouvellement du tiers sortant ;<\/li>\n<li>r\u00e9ponses aux questions.<\/li>\n<\/ul>\n<p>Venez nombreux !<\/p>\n<p>Cordialement,<\/p>\n<address>Le Bureau<\/address>\n","protected":false},"excerpt":{"rendered":"<p>Chers membres, vous \u00eates convi\u00e9s \u00e0 notre assembl\u00e9e g\u00e9n\u00e9rale annuelle qui se tiendra le 8 mai 2010 \u00e0 16h30 dans les locaux de l&#8217;association. Les convocations sont envoy\u00e9es par courrier, &hellip; <\/p>\n<p class=\"link-more\"><a href=\"https:\/\/aeroclubduvalois.fr\/index.php\/2010\/04\/30\/assemblee-generale-du-samedi-8-mai-2010\/\" class=\"more-link\">Lire la suite de<span class=\"screen-reader-text\">\u00ab\u00a0Assembl\u00e9e g\u00e9n\u00e9rale du samedi 8 mai 2010\u00a0\u00bb<\/span><\/a><\/p>\n","protected":false},"author":13,"featured_media":0,"comment_status":"closed","ping_status":"closed","sticky":false,"template":"","format":"standard","meta":{"footnotes":""},"categories":[2],"tags":[],"class_list":["post-573","post","type-post","status-publish","format-standard","hentry","category-annonces"],"_links":{"self":[{"href":"https:\/\/aeroclubduvalois.fr\/index.php\/wp-json\/wp\/v2\/posts\/573","targetHints":{"allow":["GET"]}}],"collection":[{"href":"https:\/\/aeroclubduvalois.fr\/index.php\/wp-json\/wp\/v2\/posts"}],"about":[{"href":"https:\/\/aeroclubduvalois.fr\/index.php\/wp-json\/wp\/v2\/types\/post"}],"author":[{"embeddable":true,"href":"https:\/\/aeroclubduvalois.fr\/index.php\/wp-json\/wp\/v2\/users\/13"}],"replies":[{"embeddable":true,"href":"https:\/\/aeroclubduvalois.fr\/index.php\/wp-json\/wp\/v2\/comments?post=573"}],"version-history":[{"count":0,"href":"https:\/\/aeroclubduvalois.fr\/index.php\/wp-json\/wp\/v2\/posts\/573\/revisions"}],"wp:attachment":[{"href":"https:\/\/aeroclubduvalois.fr\/index.php\/wp-json\/wp\/v2\/media?parent=573"}],"wp:term":[{"taxonomy":"category","embeddable":true,"href":"https:\/\/aeroclubduvalois.fr\/index.php\/wp-json\/wp\/v2\/categories?post=573"},{"taxonomy":"post_tag","embeddable":true,"href":"https:\/\/aeroclubduvalois.fr\/index.php\/wp-json\/wp\/v2\/tags?post=573"}],"curies":[{"name":"wp","href":"https:\/\/api.w.org\/{rel}","templated":true}]}}