{"id":5719,"date":"2024-11-30T16:49:00","date_gmt":"2024-11-30T15:49:00","guid":{"rendered":"https:\/\/aeroclubduvalois.fr\/?p=5719"},"modified":"2024-12-10T17:43:37","modified_gmt":"2024-12-10T16:43:37","slug":"signature-dune-convention-bia-avec-le-lycee-marie-curie-de-nogent-sur-oise","status":"publish","type":"post","link":"https:\/\/aeroclubduvalois.fr\/index.php\/2024\/11\/30\/signature-dune-convention-bia-avec-le-lycee-marie-curie-de-nogent-sur-oise\/","title":{"rendered":"Signature d&#8217;une convention BIA avec le lyc\u00e9e Marie Curie de Nogent-sur-Oise"},"content":{"rendered":"\n<p><\/p>\n\n\n\n<p>Le samedi 30 novembre 2024, le pr\u00e9sident de l&#8217;a\u00e9roclub du Valois et le Proviseur du lyc\u00e9e d&#8217;enseignement g\u00e9n\u00e9ral et technologique Marie Curie de Nogent-sur-Oise ont sign\u00e9 une convention de partenariat pour l&#8217;enseignement du BIA (Brevet d&#8217;Initiation A\u00e9ronautique).<\/p>\n\n\n\n<figure class=\"wp-block-gallery has-nested-images columns-default is-cropped wp-block-gallery-1 is-layout-flex wp-block-gallery-is-layout-flex\">\n<figure class=\"wp-block-image size-large\"><img loading=\"lazy\" decoding=\"async\" width=\"1024\" height=\"768\" data-id=\"5723\" src=\"https:\/\/aeroclubduvalois.fr\/wp-content\/uploads\/2024\/12\/2024-11-30_signature-convention-BIA-avec-lycee-Nogent_-09-1024x768.jpg\" alt=\"\" class=\"wp-image-5723\" srcset=\"https:\/\/aeroclubduvalois.fr\/wp-content\/uploads\/2024\/12\/2024-11-30_signature-convention-BIA-avec-lycee-Nogent_-09-1024x768.jpg 1024w, https:\/\/aeroclubduvalois.fr\/wp-content\/uploads\/2024\/12\/2024-11-30_signature-convention-BIA-avec-lycee-Nogent_-09-300x225.jpg 300w, https:\/\/aeroclubduvalois.fr\/wp-content\/uploads\/2024\/12\/2024-11-30_signature-convention-BIA-avec-lycee-Nogent_-09-2000x1500.jpg 2000w\" sizes=\"auto, (max-width: 1024px) 100vw, 1024px\" \/><\/figure>\n\n\n\n<figure class=\"wp-block-image size-large\"><img loading=\"lazy\" decoding=\"async\" width=\"1024\" height=\"768\" data-id=\"5722\" src=\"https:\/\/aeroclubduvalois.fr\/wp-content\/uploads\/2024\/12\/2024-11-30_signature-convention-BIA-avec-lycee-Nogent_-06-1024x768.jpg\" alt=\"\" class=\"wp-image-5722\" srcset=\"https:\/\/aeroclubduvalois.fr\/wp-content\/uploads\/2024\/12\/2024-11-30_signature-convention-BIA-avec-lycee-Nogent_-06-1024x768.jpg 1024w, https:\/\/aeroclubduvalois.fr\/wp-content\/uploads\/2024\/12\/2024-11-30_signature-convention-BIA-avec-lycee-Nogent_-06-300x225.jpg 300w, https:\/\/aeroclubduvalois.fr\/wp-content\/uploads\/2024\/12\/2024-11-30_signature-convention-BIA-avec-lycee-Nogent_-06-2000x1500.jpg 2000w\" sizes=\"auto, (max-width: 1024px) 100vw, 1024px\" \/><\/figure>\n<\/figure>\n\n\n\n<p><\/p>\n\n\n\n<p>Les cours du BIA auront lieu au sein du lyc\u00e9e de novembre \u00e0 mai, et des visites et ateliers p\u00e9dagogiques seront organis\u00e9s par l&#8217;a\u00e9roclub en compl\u00e9ment de vols au profit de la trentaine d&#8217;\u00e9l\u00e8ves pr\u00e9parant chaque ann\u00e9e le BIA.<\/p>\n\n\n\n<p>L\u2019a\u00e9roclub du Valois est fier de prendre part \u00e0 l\u2019enseignement a\u00e9ronautique dispens\u00e9 au sein de l\u2019\u00e9tablissement de Nogent-sur-Oise.<\/p>\n\n\n\n<figure class=\"wp-block-image aligncenter size-large is-resized\"><img decoding=\"async\" src=\"https:\/\/aeroclubduvalois.fr\/wp-content\/uploads\/2024\/12\/2024-11-30_signature-convention-BIA-avec-lycee-Nogent_-12-1024x738.jpg\" alt=\"\" class=\"wp-image-5724\" style=\"width:620px;height:auto\"\/><\/figure>\n\n\n\n<p><\/p>\n\n\n\n<p>A l\u2019issue de la signature de convention BIA, une visite a \u00e9t\u00e9 r\u00e9alis\u00e9e au sein des magnifiques installations et ateliers du lyc\u00e9e des m\u00e9tiers de l\u2019ing\u00e9nierie des industries m\u00e9caniques, m\u00e9tallurgiques, chimiques, biotechnologiques, robotique et plasturgie.<\/p>\n\n\n\n<p>Le lyc\u00e9e dispose notamment d\u2019un outillage unique en Europe en mati\u00e8re de m\u00e9tallurgie et de forge.<\/p>\n\n\n\n<figure class=\"wp-block-gallery has-nested-images columns-default is-cropped wp-block-gallery-2 is-layout-flex wp-block-gallery-is-layout-flex\">\n<figure class=\"wp-block-image size-large\"><img loading=\"lazy\" decoding=\"async\" width=\"1024\" height=\"768\" data-id=\"5725\" src=\"https:\/\/aeroclubduvalois.fr\/wp-content\/uploads\/2024\/12\/2024-11-30_signature-convention-BIA-avec-lycee-Nogent_-14-1024x768.jpg\" alt=\"\" class=\"wp-image-5725\" srcset=\"https:\/\/aeroclubduvalois.fr\/wp-content\/uploads\/2024\/12\/2024-11-30_signature-convention-BIA-avec-lycee-Nogent_-14-1024x768.jpg 1024w, https:\/\/aeroclubduvalois.fr\/wp-content\/uploads\/2024\/12\/2024-11-30_signature-convention-BIA-avec-lycee-Nogent_-14-300x225.jpg 300w, https:\/\/aeroclubduvalois.fr\/wp-content\/uploads\/2024\/12\/2024-11-30_signature-convention-BIA-avec-lycee-Nogent_-14-2000x1500.jpg 2000w, https:\/\/aeroclubduvalois.fr\/wp-content\/uploads\/2024\/12\/2024-11-30_signature-convention-BIA-avec-lycee-Nogent_-14.jpg 2016w\" sizes=\"auto, (max-width: 1024px) 100vw, 1024px\" \/><\/figure>\n\n\n\n<figure class=\"wp-block-image size-large\"><img loading=\"lazy\" decoding=\"async\" width=\"1024\" height=\"768\" data-id=\"5726\" src=\"https:\/\/aeroclubduvalois.fr\/wp-content\/uploads\/2024\/12\/2024-11-30_signature-convention-BIA-avec-lycee-Nogent_-15-1024x768.jpg\" alt=\"\" class=\"wp-image-5726\" srcset=\"https:\/\/aeroclubduvalois.fr\/wp-content\/uploads\/2024\/12\/2024-11-30_signature-convention-BIA-avec-lycee-Nogent_-15-1024x768.jpg 1024w, https:\/\/aeroclubduvalois.fr\/wp-content\/uploads\/2024\/12\/2024-11-30_signature-convention-BIA-avec-lycee-Nogent_-15-300x225.jpg 300w, https:\/\/aeroclubduvalois.fr\/wp-content\/uploads\/2024\/12\/2024-11-30_signature-convention-BIA-avec-lycee-Nogent_-15.jpg 1879w\" sizes=\"auto, (max-width: 1024px) 100vw, 1024px\" \/><\/figure>\n<\/figure>\n\n\n\n<p><\/p>\n\n\n\n<p>La rencontre entre l\u2019\u00e9tablissement scolaire et notre a\u00e9roclub a \u00e9t\u00e9 rendue possible gr\u00e2ce \u00e0 l\u2019\u00e9quipe des r\u00e9f\u00e9rents BIA du P\u00f4le Interarm\u00e9es Creil-Senlis (base a\u00e9rienne de Creil), qui avaient organis\u00e9 des vols BIA deux mois plus t\u00f4t au Plessis-Belleville avec le soutien <a>de la section Vol Moteur du CSA Guy de la Horie.<\/a><\/p>\n\n\n\n<p><\/p>\n\n\n\n<p><\/p>\n\n\n\n<p><strong>Plus d\u2019informations sur le lyc\u00e9e d&#8217;enseignement g\u00e9n\u00e9ral et technologique Marie Curie de Nogent-sur-Oise&nbsp;:<\/strong><\/p>\n\n\n\n<figure class=\"wp-block-image size-full is-resized\"><img loading=\"lazy\" decoding=\"async\" width=\"611\" height=\"199\" src=\"https:\/\/aeroclubduvalois.fr\/wp-content\/uploads\/2024\/12\/cropped-logo_signature-2.png\" alt=\"\" class=\"wp-image-5727\" style=\"width:381px;height:auto\" srcset=\"https:\/\/aeroclubduvalois.fr\/wp-content\/uploads\/2024\/12\/cropped-logo_signature-2.png 611w, https:\/\/aeroclubduvalois.fr\/wp-content\/uploads\/2024\/12\/cropped-logo_signature-2-300x98.png 300w\" sizes=\"auto, (max-width: 611px) 100vw, 611px\" \/><\/figure>\n\n\n\n<p><a href=\"https:\/\/marie-curie-nogent-sur-oise-ac-amiens.fr\/\">https:\/\/marie-curie-nogent-sur-oise-ac-amiens.fr\/<\/a><\/p>\n\n\n\n<p><\/p>\n\n\n\n<p><strong>Le BIA, c\u2019est quoi&nbsp;?<\/strong><\/p>\n\n\n\n<figure class=\"wp-block-image aligncenter size-large is-resized\"><img loading=\"lazy\" decoding=\"async\" width=\"454\" height=\"454\" src=\"https:\/\/aeroclubduvalois.fr\/wp-content\/uploads\/2024\/11\/2024-10-09_Ceremonie-remise-diplomes-BIA_06-1.png\" alt=\"\" class=\"wp-image-5750\" style=\"width:397px;height:auto\" srcset=\"https:\/\/aeroclubduvalois.fr\/wp-content\/uploads\/2024\/11\/2024-10-09_Ceremonie-remise-diplomes-BIA_06-1.png 454w, https:\/\/aeroclubduvalois.fr\/wp-content\/uploads\/2024\/11\/2024-10-09_Ceremonie-remise-diplomes-BIA_06-1-300x300.png 300w, https:\/\/aeroclubduvalois.fr\/wp-content\/uploads\/2024\/11\/2024-10-09_Ceremonie-remise-diplomes-BIA_06-1-150x150.png 150w\" sizes=\"auto, (max-width: 454px) 100vw, 454px\" \/><\/figure>\n\n\n\n<p><em>Cr\u00e9\u00e9 en 1968, le Brevet d\u2019Initiation A\u00e9ronautique (BIA) est un dipl\u00f4me de l\u2019Education Nationale.<\/em><\/p>\n\n\n\n<p><em>L\u2019examen a lieu chaque ann\u00e9e au mois de mai, apr\u00e8s une&nbsp;formation d\u2019une dur\u00e9e totale de&nbsp;40 h de cours et de temps d\u00e9di\u00e9s \u00e0 des activit\u00e9s exp\u00e9rimentales ou de mise en situation. \u00c0 titre d\u2019exemples, des visites de mus\u00e9es, des vols d\u2019initiation ou des rencontres avec des professionnels du secteur de l\u2019a\u00e9ronautique.<\/em><em>L\u2019objectif de la formation est de&nbsp;faire d\u00e9couvrir le monde de l\u2019aviation&nbsp;\u00e0 des jeunes coll\u00e9giens, lyc\u00e9ens ou \u00e9tudiants.<\/em><\/p>\n\n\n\n<p><\/p>\n\n\n\n<p><em>La pr\u00e9paration au BIA, par son approche pluridisciplinaire, permet :<\/em><\/p>\n\n\n\n<ul class=\"wp-block-list\">\n<li><em>De donner plus de sens \u00e0 la formation scolaire&nbsp;;<\/em><\/li>\n\n\n\n<li><em>D\u2019aborder les diff\u00e9rentes facettes du domaine a\u00e9ronautique et spatial&nbsp;;<\/em><\/li>\n\n\n\n<li><em>De d\u00e9couvrir les fili\u00e8res menant aux carri\u00e8res de ce secteur dans lequel il existe des d\u00e9bouch\u00e9s vari\u00e9s&nbsp;;<\/em><\/li>\n\n\n\n<li><em>La r\u00e9alisation d\u2019un vol d\u00e9couverte aupr\u00e8s de la structure a\u00e9ronautique partenaire&nbsp;;<\/em><\/li>\n\n\n\n<li><em>Une ouverture vers diff\u00e9rents m\u00e9tiers : pilote de ligne, pilote de chasse, m\u00e9canicien a\u00e9ronautique, ing\u00e9nieur a\u00e9ronautique, contr\u00f4leur a\u00e9rien\u2026<\/em><\/li>\n<\/ul>\n\n\n\n<p><em>Il suffit d\u2019\u00eatre \u00e2g\u00e9 d\u2019au moins 13&nbsp;ans&nbsp;pour s\u2019inscrire car des notions en math\u00e9matiques et physiques sont n\u00e9cessaires pour comprendre certains aspects du programme du BIA.<\/em><\/p>\n\n\n\n<figure class=\"wp-block-image aligncenter size-large is-resized\" style=\"margin-right:0;margin-left:0\"><img loading=\"lazy\" decoding=\"async\" width=\"592\" height=\"840\" src=\"https:\/\/aeroclubduvalois.fr\/wp-content\/uploads\/2024\/11\/2024-10-09_Ceremonie-remise-diplomes-BIA_07-1.png\" alt=\"\" class=\"wp-image-5749\" style=\"width:818px;height:auto\" srcset=\"https:\/\/aeroclubduvalois.fr\/wp-content\/uploads\/2024\/11\/2024-10-09_Ceremonie-remise-diplomes-BIA_07-1.png 592w, https:\/\/aeroclubduvalois.fr\/wp-content\/uploads\/2024\/11\/2024-10-09_Ceremonie-remise-diplomes-BIA_07-1-211x300.png 211w\" sizes=\"auto, (max-width: 592px) 100vw, 592px\" \/><\/figure>\n","protected":false},"excerpt":{"rendered":"<p>Le samedi 30 novembre 2024, le pr\u00e9sident de l&#8217;a\u00e9roclub du Valois et le Proviseur du lyc\u00e9e d&#8217;enseignement g\u00e9n\u00e9ral et technologique Marie Curie de Nogent-sur-Oise ont sign\u00e9 une convention de partenariat &hellip; <\/p>\n<p class=\"link-more\"><a href=\"https:\/\/aeroclubduvalois.fr\/index.php\/2024\/11\/30\/signature-dune-convention-bia-avec-le-lycee-marie-curie-de-nogent-sur-oise\/\" class=\"more-link\">Lire la suite de<span class=\"screen-reader-text\">\u00ab\u00a0Signature d&#8217;une convention BIA avec le lyc\u00e9e Marie Curie de Nogent-sur-Oise\u00a0\u00bb<\/span><\/a><\/p>\n","protected":false},"author":19,"featured_media":5724,"comment_status":"open","ping_status":"open","sticky":false,"template":"","format":"standard","meta":{"footnotes":""},"categories":[2,125,8],"tags":[30,124],"class_list":["post-5719","post","type-post","status-publish","format-standard","has-post-thumbnail","hentry","category-annonces","category-bia","category-cours-theoriques","tag-bia","tag-manifestation"],"_links":{"self":[{"href":"https:\/\/aeroclubduvalois.fr\/index.php\/wp-json\/wp\/v2\/posts\/5719","targetHints":{"allow":["GET"]}}],"collection":[{"href":"https:\/\/aeroclubduvalois.fr\/index.php\/wp-json\/wp\/v2\/posts"}],"about":[{"href":"https:\/\/aeroclubduvalois.fr\/index.php\/wp-json\/wp\/v2\/types\/post"}],"author":[{"embeddable":true,"href":"https:\/\/aeroclubduvalois.fr\/index.php\/wp-json\/wp\/v2\/users\/19"}],"replies":[{"embeddable":true,"href":"https:\/\/aeroclubduvalois.fr\/index.php\/wp-json\/wp\/v2\/comments?post=5719"}],"version-history":[{"count":7,"href":"https:\/\/aeroclubduvalois.fr\/index.php\/wp-json\/wp\/v2\/posts\/5719\/revisions"}],"predecessor-version":[{"id":5755,"href":"https:\/\/aeroclubduvalois.fr\/index.php\/wp-json\/wp\/v2\/posts\/5719\/revisions\/5755"}],"wp:featuredmedia":[{"embeddable":true,"href":"https:\/\/aeroclubduvalois.fr\/index.php\/wp-json\/wp\/v2\/media\/5724"}],"wp:attachment":[{"href":"https:\/\/aeroclubduvalois.fr\/index.php\/wp-json\/wp\/v2\/media?parent=5719"}],"wp:term":[{"taxonomy":"category","embeddable":true,"href":"https:\/\/aeroclubduvalois.fr\/index.php\/wp-json\/wp\/v2\/categories?post=5719"},{"taxonomy":"post_tag","embeddable":true,"href":"https:\/\/aeroclubduvalois.fr\/index.php\/wp-json\/wp\/v2\/tags?post=5719"}],"curies":[{"name":"wp","href":"https:\/\/api.w.org\/{rel}","templated":true}]}}