{"id":5078,"date":"2024-01-26T08:30:48","date_gmt":"2024-01-26T07:30:48","guid":{"rendered":"https:\/\/aeroclubduvalois.fr\/?p=5078"},"modified":"2024-06-09T16:27:11","modified_gmt":"2024-06-09T14:27:11","slug":"un-instructeur-de-plus-pour-le-club","status":"publish","type":"post","link":"https:\/\/aeroclubduvalois.fr\/index.php\/2024\/01\/26\/un-instructeur-de-plus-pour-le-club\/","title":{"rendered":"Un instructeur de plus pour le club"},"content":{"rendered":"\n<p>Nous sommes ravis d&#8217;annoncer l&#8217;arriv\u00e9e de Bruno dans l&#8217;\u00e9quipe des instructeurs de l&#8217;AC du Valois<br><br><em>Je me pr\u00e9sente, Bruno, 43ans, nouvel instructeur dans cette belle \u00e9quipe p\u00e9dagogique apr\u00e8s un emm\u00e9nagement dans la r\u00e9gion et de ce fait un nouvel a\u00e9roclub.<\/em><\/p>\n\n\n\n<p><em>L\u2019instruction est la partie pr\u00e9f\u00e9r\u00e9e de ma carri\u00e8re a\u00e9ronautique qui se r\u00e9sume a deux d\u00e9cennies en tant que navigateur instructeur commandant de bord militaire sur des avions fantastiques que sont le Transall, l\u2019Hercules et le Twin Otter.<\/em><\/p>\n\n\n\n<p><em>N\u2019ayant pas encore r\u00e9ussi \u00e0 totalement couper ce cordon je fais de la r\u00e9serve \u00e0 mes temps perdus, en plus du parapente, du kitesurf et du bricolage.<\/em><\/p>\n\n\n\n<p><em>En 2008, j\u2019ai obtenu mon PPL, que j\u2019ai toujours entretenu, me permettant en 2020 de me reconvertir comme pilote professionnel civil, et naturellement je me suis tourn\u00e9 vers l\u2019instruction, j\u2019ai fait mes armes \u00e0 Lognes en ATO et DTO.<\/em><\/p>\n\n\n\n<p><em>Je suis FI non restreint, qualifi\u00e9 de nuit et je pense r\u00e9ussir \u00e0 m\u2019adapter facilement aux exigences de chacun.<\/em><\/p>\n\n\n\n<p><em>En parall\u00e8le, depuis l\u2019\u00e9t\u00e9 2024, j\u2019ai une activit\u00e9 de pilote professionnel sur C208B et BE300-350, beaucoup \u00e0 l&#8217;\u00e9tranger, mais mon planning me laisse de la souplesse pour \u00eatre pr\u00e9sent afin de suivre des \u00e9l\u00e8ves, partager un vol, un briefing ou ne serait-ce qu\u2019une discussion.<\/em><\/p>\n\n\n\n<p><em>Au plaisir de vous rencontrer.<\/em><\/p>\n\n\n\n<p>Nous lui souhaitons de bons vols.<\/p>\n","protected":false},"excerpt":{"rendered":"<p>Nous sommes ravis d&#8217;annoncer l&#8217;arriv\u00e9e de Bruno dans l&#8217;\u00e9quipe des instructeurs de l&#8217;AC du Valois Je me pr\u00e9sente, Bruno, 43ans, nouvel instructeur dans cette belle \u00e9quipe p\u00e9dagogique apr\u00e8s un emm\u00e9nagement &hellip; <\/p>\n<p class=\"link-more\"><a href=\"https:\/\/aeroclubduvalois.fr\/index.php\/2024\/01\/26\/un-instructeur-de-plus-pour-le-club\/\" class=\"more-link\">Lire la suite de<span class=\"screen-reader-text\">\u00ab\u00a0Un instructeur de plus pour le club\u00a0\u00bb<\/span><\/a><\/p>\n","protected":false},"author":13,"featured_media":5079,"comment_status":"open","ping_status":"open","sticky":false,"template":"","format":"standard","meta":{"footnotes":""},"categories":[2,12],"tags":[63,74],"class_list":["post-5078","post","type-post","status-publish","format-standard","has-post-thumbnail","hentry","category-annonces","category-instruction","tag-inscription","tag-licence-ppl"],"_links":{"self":[{"href":"https:\/\/aeroclubduvalois.fr\/index.php\/wp-json\/wp\/v2\/posts\/5078","targetHints":{"allow":["GET"]}}],"collection":[{"href":"https:\/\/aeroclubduvalois.fr\/index.php\/wp-json\/wp\/v2\/posts"}],"about":[{"href":"https:\/\/aeroclubduvalois.fr\/index.php\/wp-json\/wp\/v2\/types\/post"}],"author":[{"embeddable":true,"href":"https:\/\/aeroclubduvalois.fr\/index.php\/wp-json\/wp\/v2\/users\/13"}],"replies":[{"embeddable":true,"href":"https:\/\/aeroclubduvalois.fr\/index.php\/wp-json\/wp\/v2\/comments?post=5078"}],"version-history":[{"count":2,"href":"https:\/\/aeroclubduvalois.fr\/index.php\/wp-json\/wp\/v2\/posts\/5078\/revisions"}],"predecessor-version":[{"id":5081,"href":"https:\/\/aeroclubduvalois.fr\/index.php\/wp-json\/wp\/v2\/posts\/5078\/revisions\/5081"}],"wp:featuredmedia":[{"embeddable":true,"href":"https:\/\/aeroclubduvalois.fr\/index.php\/wp-json\/wp\/v2\/media\/5079"}],"wp:attachment":[{"href":"https:\/\/aeroclubduvalois.fr\/index.php\/wp-json\/wp\/v2\/media?parent=5078"}],"wp:term":[{"taxonomy":"category","embeddable":true,"href":"https:\/\/aeroclubduvalois.fr\/index.php\/wp-json\/wp\/v2\/categories?post=5078"},{"taxonomy":"post_tag","embeddable":true,"href":"https:\/\/aeroclubduvalois.fr\/index.php\/wp-json\/wp\/v2\/tags?post=5078"}],"curies":[{"name":"wp","href":"https:\/\/api.w.org\/{rel}","templated":true}]}}