{"id":4608,"date":"2023-06-04T21:02:00","date_gmt":"2023-06-04T19:02:00","guid":{"rendered":"http:\/\/aeroclub-creil.org\/?p=4608"},"modified":"2023-06-04T21:02:00","modified_gmt":"2023-06-04T19:02:00","slug":"un-bel-accord","status":"publish","type":"post","link":"https:\/\/aeroclubduvalois.fr\/index.php\/2023\/06\/04\/un-bel-accord\/","title":{"rendered":"Un bel accord &#8230;"},"content":{"rendered":"\n<p>Notre a\u00e9roclub a sign\u00e9 conjointement avec l&#8217;a\u00e9roclub voisin <strong><em><a rel=\"noreferrer noopener\" href=\"https:\/\/www.acrm.fr\/\" data-type=\"URL\" data-id=\"https:\/\/www.acrm.fr\/\" target=\"_blank\">Ren\u00e9 Mouchotte<\/a><\/em><\/strong> une convention ce 1er Juin 2023, qui offre la possibilit\u00e9 aux membres de chaque club de s&#8217;inscrire dans le club voisin \u00e0 tarif pr\u00e9f\u00e9rentiel.<\/p>\n\n\n\n<p>Les flottes des deux clubs voisins \u00e9tant compl\u00e9mentaires, les \u00e9quipes dirigeantes des deux clubs pensent que cette passerelle interclubs est pertinente, et souligne la volont\u00e9 des deux a\u00e9roclubs de d\u00e9velopper nos relations.<\/p>\n\n\n\n<p>Merci \u00e0 toutes les personnes ayant jou\u00e9 un r\u00f4le dans ce rapprochement.<\/p>\n\n\n\n<p><\/p>\n\n\n\n<figure class=\"wp-block-gallery columns-3 is-cropped wp-block-gallery-1 is-layout-flex wp-block-gallery-is-layout-flex\"><ul class=\"blocks-gallery-grid\"><li class=\"blocks-gallery-item\"><figure><a href=\"http:\/\/aeroclubduvalois.fr\/wp-content\/uploads\/2023\/06\/1-scaled.jpg\"><img decoding=\"async\" src=\"http:\/\/aeroclubduvalois.fr\/wp-content\/uploads\/2023\/06\/1-scaled.jpg\" alt=\"\" data-id=\"4612\" data-link=\"http:\/\/aeroclubduvalois.fr\/?attachment_id=4612\" class=\"wp-image-4612\"\/><\/a><\/figure><\/li><li class=\"blocks-gallery-item\"><figure><a href=\"http:\/\/aeroclubduvalois.fr\/wp-content\/uploads\/2023\/06\/IMG_3227-scaled.jpg\"><img decoding=\"async\" src=\"http:\/\/aeroclubduvalois.fr\/wp-content\/uploads\/2023\/06\/IMG_3227-scaled.jpg\" alt=\"\" data-id=\"4616\" data-full-url=\"http:\/\/aeroclubduvalois.fr\/wp-content\/uploads\/2023\/06\/IMG_3227-scaled.jpg\" data-link=\"http:\/\/aeroclubduvalois.fr\/?attachment_id=4616\" class=\"wp-image-4616\"\/><\/a><\/figure><\/li><li class=\"blocks-gallery-item\"><figure><a href=\"http:\/\/aeroclubduvalois.fr\/wp-content\/uploads\/2023\/06\/3-scaled.jpg\"><img decoding=\"async\" src=\"http:\/\/aeroclubduvalois.fr\/wp-content\/uploads\/2023\/06\/3-scaled.jpg\" alt=\"\" data-id=\"4614\" data-link=\"http:\/\/aeroclubduvalois.fr\/?attachment_id=4614\" class=\"wp-image-4614\"\/><\/a><\/figure><\/li><li class=\"blocks-gallery-item\"><figure><a href=\"http:\/\/aeroclubduvalois.fr\/wp-content\/uploads\/2023\/06\/2-scaled.jpg\"><img decoding=\"async\" src=\"http:\/\/aeroclubduvalois.fr\/wp-content\/uploads\/2023\/06\/2-scaled.jpg\" alt=\"\" data-id=\"4613\" data-link=\"http:\/\/aeroclubduvalois.fr\/?attachment_id=4613\" class=\"wp-image-4613\"\/><\/a><\/figure><\/li><li class=\"blocks-gallery-item\"><figure><a href=\"http:\/\/aeroclubduvalois.fr\/wp-content\/uploads\/2023\/06\/4-scaled.jpg\"><img decoding=\"async\" src=\"http:\/\/aeroclubduvalois.fr\/wp-content\/uploads\/2023\/06\/4-scaled.jpg\" alt=\"\" data-id=\"4615\" data-link=\"http:\/\/aeroclubduvalois.fr\/?attachment_id=4615\" class=\"wp-image-4615\"\/><\/a><\/figure><\/li><\/ul><\/figure>\n","protected":false},"excerpt":{"rendered":"<p>Notre a\u00e9roclub a sign\u00e9 conjointement avec l&#8217;a\u00e9roclub voisin Ren\u00e9 Mouchotte une convention ce 1er Juin 2023, qui offre la possibilit\u00e9 aux membres de chaque club de s&#8217;inscrire dans le club &hellip; <\/p>\n<p class=\"link-more\"><a href=\"https:\/\/aeroclubduvalois.fr\/index.php\/2023\/06\/04\/un-bel-accord\/\" class=\"more-link\">Lire la suite de<span class=\"screen-reader-text\">\u00ab\u00a0Un bel accord &#8230;\u00a0\u00bb<\/span><\/a><\/p>\n","protected":false},"author":13,"featured_media":4616,"comment_status":"open","ping_status":"closed","sticky":false,"template":"","format":"standard","meta":{"footnotes":""},"categories":[2],"tags":[],"class_list":["post-4608","post","type-post","status-publish","format-standard","has-post-thumbnail","hentry","category-annonces"],"_links":{"self":[{"href":"https:\/\/aeroclubduvalois.fr\/index.php\/wp-json\/wp\/v2\/posts\/4608","targetHints":{"allow":["GET"]}}],"collection":[{"href":"https:\/\/aeroclubduvalois.fr\/index.php\/wp-json\/wp\/v2\/posts"}],"about":[{"href":"https:\/\/aeroclubduvalois.fr\/index.php\/wp-json\/wp\/v2\/types\/post"}],"author":[{"embeddable":true,"href":"https:\/\/aeroclubduvalois.fr\/index.php\/wp-json\/wp\/v2\/users\/13"}],"replies":[{"embeddable":true,"href":"https:\/\/aeroclubduvalois.fr\/index.php\/wp-json\/wp\/v2\/comments?post=4608"}],"version-history":[{"count":0,"href":"https:\/\/aeroclubduvalois.fr\/index.php\/wp-json\/wp\/v2\/posts\/4608\/revisions"}],"wp:featuredmedia":[{"embeddable":true,"href":"https:\/\/aeroclubduvalois.fr\/index.php\/wp-json\/wp\/v2\/media\/4616"}],"wp:attachment":[{"href":"https:\/\/aeroclubduvalois.fr\/index.php\/wp-json\/wp\/v2\/media?parent=4608"}],"wp:term":[{"taxonomy":"category","embeddable":true,"href":"https:\/\/aeroclubduvalois.fr\/index.php\/wp-json\/wp\/v2\/categories?post=4608"},{"taxonomy":"post_tag","embeddable":true,"href":"https:\/\/aeroclubduvalois.fr\/index.php\/wp-json\/wp\/v2\/tags?post=4608"}],"curies":[{"name":"wp","href":"https:\/\/api.w.org\/{rel}","templated":true}]}}