{"id":4223,"date":"2022-02-13T17:41:30","date_gmt":"2022-02-13T16:41:30","guid":{"rendered":"http:\/\/aeroclub-creil.org\/?p=4223"},"modified":"2022-02-13T17:41:30","modified_gmt":"2022-02-13T16:41:30","slug":"initiation-et-qualification-au-vol-de-nuit","status":"publish","type":"post","link":"https:\/\/aeroclubduvalois.fr\/index.php\/2022\/02\/13\/initiation-et-qualification-au-vol-de-nuit\/","title":{"rendered":"Initiation et Qualification au vol de nuit"},"content":{"rendered":"\n<div class=\"wp-block-image\"><figure class=\"aligncenter size-full\"><img loading=\"lazy\" decoding=\"async\" width=\"643\" height=\"913\" src=\"http:\/\/aeroclubduvalois.fr\/wp-content\/uploads\/2022\/02\/FLYER-INITIATION-ET-FORMATION-AU-VOL-DE-NUIT.jpg\" alt=\"\" class=\"wp-image-4225\" srcset=\"https:\/\/aeroclubduvalois.fr\/wp-content\/uploads\/2022\/02\/FLYER-INITIATION-ET-FORMATION-AU-VOL-DE-NUIT.jpg 643w, https:\/\/aeroclubduvalois.fr\/wp-content\/uploads\/2022\/02\/FLYER-INITIATION-ET-FORMATION-AU-VOL-DE-NUIT-211x300.jpg 211w\" sizes=\"auto, (max-width: 643px) 100vw, 643px\" \/><\/figure><\/div>\n\n\n\n<p>L&#8217;a\u00e9roclub propose \u00e0 ses membres une activit\u00e9 de d\u00e9couverte du vol de nuit avec un cours th\u00e9orique suivi d&#8217;un vol d&#8217;initiation le <strong>samedi 5 mars<\/strong> \u00e0 partir de <strong>18h<\/strong>.<br><\/p>\n\n\n\n<p>Les membres int\u00e9ress\u00e9s par cette activit\u00e9 pourront continuer vers la qualification VFR vol de nuit propos\u00e9e par l&#8217;a\u00e9roclub.<\/p>\n\n\n\n<p>Si vous souhaitez vous inscrire pour suivre cette formation, merci de contacter l&#8217;a\u00e9roclub en vous rendant sur la page <a href=\"http:\/\/aeroclubduvalois.fr\/?page_id=471\" target=\"_blank\" rel=\"noreferrer noopener\">&#8220;nous contacter&#8221;<\/a> du site web.<\/p>\n","protected":false},"excerpt":{"rendered":"<p>L&#8217;a\u00e9roclub propose \u00e0 ses membres une activit\u00e9 de d\u00e9couverte du vol de nuit avec un cours th\u00e9orique suivi d&#8217;un vol d&#8217;initiation le samedi 5 mars \u00e0 partir de 18h. Les &hellip; <\/p>\n<p class=\"link-more\"><a href=\"https:\/\/aeroclubduvalois.fr\/index.php\/2022\/02\/13\/initiation-et-qualification-au-vol-de-nuit\/\" class=\"more-link\">Lire la suite de<span class=\"screen-reader-text\">\u00ab\u00a0Initiation et Qualification au vol de nuit\u00a0\u00bb<\/span><\/a><\/p>\n","protected":false},"author":13,"featured_media":4231,"comment_status":"closed","ping_status":"closed","sticky":false,"template":"","format":"standard","meta":{"footnotes":""},"categories":[2],"tags":[],"class_list":["post-4223","post","type-post","status-publish","format-standard","has-post-thumbnail","hentry","category-annonces"],"_links":{"self":[{"href":"https:\/\/aeroclubduvalois.fr\/index.php\/wp-json\/wp\/v2\/posts\/4223","targetHints":{"allow":["GET"]}}],"collection":[{"href":"https:\/\/aeroclubduvalois.fr\/index.php\/wp-json\/wp\/v2\/posts"}],"about":[{"href":"https:\/\/aeroclubduvalois.fr\/index.php\/wp-json\/wp\/v2\/types\/post"}],"author":[{"embeddable":true,"href":"https:\/\/aeroclubduvalois.fr\/index.php\/wp-json\/wp\/v2\/users\/13"}],"replies":[{"embeddable":true,"href":"https:\/\/aeroclubduvalois.fr\/index.php\/wp-json\/wp\/v2\/comments?post=4223"}],"version-history":[{"count":0,"href":"https:\/\/aeroclubduvalois.fr\/index.php\/wp-json\/wp\/v2\/posts\/4223\/revisions"}],"wp:featuredmedia":[{"embeddable":true,"href":"https:\/\/aeroclubduvalois.fr\/index.php\/wp-json\/wp\/v2\/media\/4231"}],"wp:attachment":[{"href":"https:\/\/aeroclubduvalois.fr\/index.php\/wp-json\/wp\/v2\/media?parent=4223"}],"wp:term":[{"taxonomy":"category","embeddable":true,"href":"https:\/\/aeroclubduvalois.fr\/index.php\/wp-json\/wp\/v2\/categories?post=4223"},{"taxonomy":"post_tag","embeddable":true,"href":"https:\/\/aeroclubduvalois.fr\/index.php\/wp-json\/wp\/v2\/tags?post=4223"}],"curies":[{"name":"wp","href":"https:\/\/api.w.org\/{rel}","templated":true}]}}