{"id":4067,"date":"2021-07-27T15:21:30","date_gmt":"2021-07-27T13:21:30","guid":{"rendered":"http:\/\/aeroclub-creil.org\/?p=4067"},"modified":"2021-07-27T15:21:30","modified_gmt":"2021-07-27T13:21:30","slug":"morgan-obtient-sa-licence-ppl","status":"publish","type":"post","link":"https:\/\/aeroclubduvalois.fr\/index.php\/2021\/07\/27\/morgan-obtient-sa-licence-ppl\/","title":{"rendered":"Morgan obtient sa licence PPL"},"content":{"rendered":"\n<p>L&#8217;a\u00e9roclub de Creil f\u00e9licite <strong>Morgan<\/strong> pour l\u2019obtention de son <a rel=\"noreferrer noopener\" href=\"http:\/\/aeroclubduvalois.fr\/?page_id=101\" target=\"_blank\">PPL<\/a> ce jeudi 1er juillet 2021 aux commandes du <a rel=\"noreferrer noopener\" href=\"http:\/\/aeroclubduvalois.fr\/?page_id=2022\" target=\"_blank\">F-GYLC<\/a>.<\/p>\n\n\n\n<p>Son instructeur <strong>Michel<\/strong> est tr\u00e8s heureux de la r\u00e9ussite de son \u00e9l\u00e8ve.<\/p>\n\n\n\n<p>Bons vols Morgan, et \u00e0 bient\u00f4t sur la fr\u00e9quence !<\/p>\n\n\n\n<figure class=\"wp-block-gallery aligncenter columns-0 is-cropped wp-block-gallery-1 is-layout-flex wp-block-gallery-is-layout-flex\"><ul class=\"blocks-gallery-grid\"><\/ul><\/figure>\n","protected":false},"excerpt":{"rendered":"<p>L&#8217;a\u00e9roclub de Creil f\u00e9licite Morgan pour l\u2019obtention de son PPL ce jeudi 1er juillet 2021 aux commandes du F-GYLC. Son instructeur Michel est tr\u00e8s heureux de la r\u00e9ussite de son &hellip; <\/p>\n<p class=\"link-more\"><a href=\"https:\/\/aeroclubduvalois.fr\/index.php\/2021\/07\/27\/morgan-obtient-sa-licence-ppl\/\" class=\"more-link\">Lire la suite de<span class=\"screen-reader-text\">\u00ab\u00a0Morgan obtient sa licence PPL\u00a0\u00bb<\/span><\/a><\/p>\n","protected":false},"author":13,"featured_media":4068,"comment_status":"closed","ping_status":"closed","sticky":false,"template":"","format":"standard","meta":{"footnotes":""},"categories":[2],"tags":[],"class_list":["post-4067","post","type-post","status-publish","format-standard","has-post-thumbnail","hentry","category-annonces"],"_links":{"self":[{"href":"https:\/\/aeroclubduvalois.fr\/index.php\/wp-json\/wp\/v2\/posts\/4067","targetHints":{"allow":["GET"]}}],"collection":[{"href":"https:\/\/aeroclubduvalois.fr\/index.php\/wp-json\/wp\/v2\/posts"}],"about":[{"href":"https:\/\/aeroclubduvalois.fr\/index.php\/wp-json\/wp\/v2\/types\/post"}],"author":[{"embeddable":true,"href":"https:\/\/aeroclubduvalois.fr\/index.php\/wp-json\/wp\/v2\/users\/13"}],"replies":[{"embeddable":true,"href":"https:\/\/aeroclubduvalois.fr\/index.php\/wp-json\/wp\/v2\/comments?post=4067"}],"version-history":[{"count":0,"href":"https:\/\/aeroclubduvalois.fr\/index.php\/wp-json\/wp\/v2\/posts\/4067\/revisions"}],"wp:featuredmedia":[{"embeddable":true,"href":"https:\/\/aeroclubduvalois.fr\/index.php\/wp-json\/wp\/v2\/media\/4068"}],"wp:attachment":[{"href":"https:\/\/aeroclubduvalois.fr\/index.php\/wp-json\/wp\/v2\/media?parent=4067"}],"wp:term":[{"taxonomy":"category","embeddable":true,"href":"https:\/\/aeroclubduvalois.fr\/index.php\/wp-json\/wp\/v2\/categories?post=4067"},{"taxonomy":"post_tag","embeddable":true,"href":"https:\/\/aeroclubduvalois.fr\/index.php\/wp-json\/wp\/v2\/tags?post=4067"}],"curies":[{"name":"wp","href":"https:\/\/api.w.org\/{rel}","templated":true}]}}