{"id":3925,"date":"2021-05-25T14:55:33","date_gmt":"2021-05-25T12:55:33","guid":{"rendered":"http:\/\/aeroclub-creil.org\/?p=3925"},"modified":"2021-05-25T14:55:33","modified_gmt":"2021-05-25T12:55:33","slug":"reprise-de-lensemble-des-activites-aeronautiques","status":"publish","type":"post","link":"https:\/\/aeroclubduvalois.fr\/index.php\/2021\/05\/25\/reprise-de-lensemble-des-activites-aeronautiques\/","title":{"rendered":"Reprise de l&#8217;ensemble des activit\u00e9s a\u00e9ronautiques"},"content":{"rendered":"\n<p>Mesdames, Messieurs,<\/p>\n\n\n\n<p>La DGAC nous informe que l\u2019ensemble des activit\u00e9s a\u00e9ronautiques peuvent reprendre depuis le mercredi 19 mai 2021. Les <strong><a href=\"http:\/\/aeroclubduvalois.fr\/?page_id=380\" data-type=\"URL\" data-id=\"http:\/\/aeroclubduvalois.fr\/?page_id=380\">vols de d\u00e9couverte<\/a><\/strong>, les vols avec passagers, les vols \u00e0 partage de frais \u00e9largis peuvent \u00e9galement reprendre.<\/p>\n\n\n\n<p>Bien \u00e9videmment, le respect des mesures de protection reste pour l\u2019instant de rigueur.<\/p>\n\n\n\n<p>Pour faire une demande de r\u00e9servation pour un vol de d\u00e9couverte (bapt\u00eame) ou obtenir des renseignements pour apprendre \u00e0 piloter, rendez-vous sur notre page intitul\u00e9e <a href=\"http:\/\/aeroclubduvalois.fr\/?page_id=471\" data-type=\"URL\" data-id=\"http:\/\/aeroclubduvalois.fr\/?page_id=471\">&#8220;nous contacter&#8221;<\/a><\/p>\n\n\n\n<p>Bons vols \u00e0 tous, en toute s\u00e9curit\u00e9.<\/p>\n\n\n\n<div class=\"wp-block-image\"><figure class=\"aligncenter size-large\"><img loading=\"lazy\" decoding=\"async\" width=\"721\" height=\"1024\" src=\"http:\/\/aeroclubduvalois.fr\/wp-content\/uploads\/2021\/05\/affiche-jpo-FFA-2021-721x1024.jpg\" alt=\"\" class=\"wp-image-3926\" srcset=\"https:\/\/aeroclubduvalois.fr\/wp-content\/uploads\/2021\/05\/affiche-jpo-FFA-2021-721x1024.jpg 721w, https:\/\/aeroclubduvalois.fr\/wp-content\/uploads\/2021\/05\/affiche-jpo-FFA-2021-211x300.jpg 211w, https:\/\/aeroclubduvalois.fr\/wp-content\/uploads\/2021\/05\/affiche-jpo-FFA-2021.jpg 750w\" sizes=\"auto, (max-width: 721px) 100vw, 721px\" \/><\/figure><\/div>\n","protected":false},"excerpt":{"rendered":"<p>Mesdames, Messieurs, La DGAC nous informe que l\u2019ensemble des activit\u00e9s a\u00e9ronautiques peuvent reprendre depuis le mercredi 19 mai 2021. Les vols de d\u00e9couverte, les vols avec passagers, les vols \u00e0 &hellip; <\/p>\n<p class=\"link-more\"><a href=\"https:\/\/aeroclubduvalois.fr\/index.php\/2021\/05\/25\/reprise-de-lensemble-des-activites-aeronautiques\/\" class=\"more-link\">Lire la suite de<span class=\"screen-reader-text\">\u00ab\u00a0Reprise de l&#8217;ensemble des activit\u00e9s a\u00e9ronautiques\u00a0\u00bb<\/span><\/a><\/p>\n","protected":false},"author":13,"featured_media":3926,"comment_status":"closed","ping_status":"closed","sticky":false,"template":"","format":"standard","meta":{"footnotes":""},"categories":[2],"tags":[],"class_list":["post-3925","post","type-post","status-publish","format-standard","has-post-thumbnail","hentry","category-annonces"],"_links":{"self":[{"href":"https:\/\/aeroclubduvalois.fr\/index.php\/wp-json\/wp\/v2\/posts\/3925","targetHints":{"allow":["GET"]}}],"collection":[{"href":"https:\/\/aeroclubduvalois.fr\/index.php\/wp-json\/wp\/v2\/posts"}],"about":[{"href":"https:\/\/aeroclubduvalois.fr\/index.php\/wp-json\/wp\/v2\/types\/post"}],"author":[{"embeddable":true,"href":"https:\/\/aeroclubduvalois.fr\/index.php\/wp-json\/wp\/v2\/users\/13"}],"replies":[{"embeddable":true,"href":"https:\/\/aeroclubduvalois.fr\/index.php\/wp-json\/wp\/v2\/comments?post=3925"}],"version-history":[{"count":0,"href":"https:\/\/aeroclubduvalois.fr\/index.php\/wp-json\/wp\/v2\/posts\/3925\/revisions"}],"wp:featuredmedia":[{"embeddable":true,"href":"https:\/\/aeroclubduvalois.fr\/index.php\/wp-json\/wp\/v2\/media\/3926"}],"wp:attachment":[{"href":"https:\/\/aeroclubduvalois.fr\/index.php\/wp-json\/wp\/v2\/media?parent=3925"}],"wp:term":[{"taxonomy":"category","embeddable":true,"href":"https:\/\/aeroclubduvalois.fr\/index.php\/wp-json\/wp\/v2\/categories?post=3925"},{"taxonomy":"post_tag","embeddable":true,"href":"https:\/\/aeroclubduvalois.fr\/index.php\/wp-json\/wp\/v2\/tags?post=3925"}],"curies":[{"name":"wp","href":"https:\/\/api.w.org\/{rel}","templated":true}]}}