{"id":3390,"date":"2020-06-27T16:30:10","date_gmt":"2020-06-27T14:30:10","guid":{"rendered":"http:\/\/aeroclub-creil.org\/?p=3390"},"modified":"2020-06-27T16:30:10","modified_gmt":"2020-06-27T14:30:10","slug":"assemblee-generale-2","status":"publish","type":"post","link":"https:\/\/aeroclubduvalois.fr\/index.php\/2020\/06\/27\/assemblee-generale-2\/","title":{"rendered":"Assembl\u00e9e g\u00e9n\u00e9rale"},"content":{"rendered":"<p>Notre Assembl\u00e9e G\u00e9n\u00e9rale 2020 se tiendra dans les locaux historiques de Creil le <strong>samedi 27 juin \u00e0 16h00<\/strong>.<\/p>\n<p><em>Interrog\u00e9 sur cet \u00e9v\u00e8nement, le cabinet du Pr\u00e9fet a r\u00e9pondu :<\/em><\/p>\n<p><em>&#8221; Vous pouvez maintenir votre assembl\u00e9e g\u00e9n\u00e9rale suivant les dispositions ci-dessous :<\/em><\/p>\n<ul>\n<li><em>les membres de l&#8217;association doivent utiliser les r\u00e8gles d&#8217;hygi\u00e8ne et de distanciation que vous retrouverez en annexe I du d\u00e9cret du 31 mai 2020,<\/em><\/li>\n<li><em>si la distanciation physique d&#8217;au moins <strong>un m\u00e8tre<\/strong> entre deux personnes pr\u00e9vue (titre 1er article 1 du d\u00e9cret) ne peut \u00eatre respect\u00e9e, des <strong>masques<\/strong> devront \u00eatre port\u00e9s syst\u00e9matiquement par tous. &#8220;<\/em><\/li>\n<\/ul>\n<p>Nous vous demandons donc de venir avec votre masque.<br \/>\nDu gel hydroalcoolique sera mis \u00e0 votre disposition.<br \/>\nPour les retardataires, il sera possible de r\u00e9gulariser leur inscription d\u00e8s <strong>14h30<\/strong>.<br \/>\nPour les absents, n&#8217;oubliez pas d&#8217;envoyer votre procuration ainsi qu&#8217;un mail d&#8217;information.<\/p>\n<p>Cordialement<br \/>\nClaude S\u00e9verin<br \/>\nPr\u00e9sident<\/p>\n","protected":false},"excerpt":{"rendered":"<p>Notre Assembl\u00e9e G\u00e9n\u00e9rale 2020 se tiendra dans les locaux historiques de Creil le samedi 27 juin \u00e0 16h00. Interrog\u00e9 sur cet \u00e9v\u00e8nement, le cabinet du Pr\u00e9fet a r\u00e9pondu : &#8221; &hellip; <\/p>\n<p class=\"link-more\"><a href=\"https:\/\/aeroclubduvalois.fr\/index.php\/2020\/06\/27\/assemblee-generale-2\/\" class=\"more-link\">Lire la suite de<span class=\"screen-reader-text\">\u00ab\u00a0Assembl\u00e9e g\u00e9n\u00e9rale\u00a0\u00bb<\/span><\/a><\/p>\n","protected":false},"author":13,"featured_media":0,"comment_status":"open","ping_status":"closed","sticky":false,"template":"","format":"standard","meta":{"footnotes":""},"categories":[9],"tags":[22],"class_list":["post-3390","post","type-post","status-publish","format-standard","hentry","category-evenements","tag-assemblee-generale"],"_links":{"self":[{"href":"https:\/\/aeroclubduvalois.fr\/index.php\/wp-json\/wp\/v2\/posts\/3390","targetHints":{"allow":["GET"]}}],"collection":[{"href":"https:\/\/aeroclubduvalois.fr\/index.php\/wp-json\/wp\/v2\/posts"}],"about":[{"href":"https:\/\/aeroclubduvalois.fr\/index.php\/wp-json\/wp\/v2\/types\/post"}],"author":[{"embeddable":true,"href":"https:\/\/aeroclubduvalois.fr\/index.php\/wp-json\/wp\/v2\/users\/13"}],"replies":[{"embeddable":true,"href":"https:\/\/aeroclubduvalois.fr\/index.php\/wp-json\/wp\/v2\/comments?post=3390"}],"version-history":[{"count":0,"href":"https:\/\/aeroclubduvalois.fr\/index.php\/wp-json\/wp\/v2\/posts\/3390\/revisions"}],"wp:attachment":[{"href":"https:\/\/aeroclubduvalois.fr\/index.php\/wp-json\/wp\/v2\/media?parent=3390"}],"wp:term":[{"taxonomy":"category","embeddable":true,"href":"https:\/\/aeroclubduvalois.fr\/index.php\/wp-json\/wp\/v2\/categories?post=3390"},{"taxonomy":"post_tag","embeddable":true,"href":"https:\/\/aeroclubduvalois.fr\/index.php\/wp-json\/wp\/v2\/tags?post=3390"}],"curies":[{"name":"wp","href":"https:\/\/api.w.org\/{rel}","templated":true}]}}