{"id":3270,"date":"2019-04-26T14:00:14","date_gmt":"2019-04-26T12:00:14","guid":{"rendered":"http:\/\/aeroclub-creil.org\/?p=3270"},"modified":"2019-04-26T14:00:14","modified_gmt":"2019-04-26T12:00:14","slug":"assemblee-generale","status":"publish","type":"post","link":"https:\/\/aeroclubduvalois.fr\/index.php\/2019\/04\/26\/assemblee-generale\/","title":{"rendered":"Assembl\u00e9e G\u00e9n\u00e9rale 2019"},"content":{"rendered":"<p>Bonjour \u00e0 tous,<br \/>\nL&#8217;assembl\u00e9e g\u00e9n\u00e9rale ordinaire aura lieu le samedi 27 avril \u00e0 16h00, dans les locaux de l&#8217;association \u00e0 Creil. L&#8217;ordre du jour est identique aux autres ann\u00e9es, mais un point particulier sera fait sur le devenir de l&#8217;a\u00e9roclub.<br \/>\nDe plus, une pr\u00e9sentation SGS <del><\/del>de la politique de s\u00e9curit\u00e9 et du bilan de l&#8217;ann\u00e9e &#8211; li\u00e9e \u00e0 notre statut de DTO &#8211; sera r\u00e9alis\u00e9e en s\u00e9ance.<br \/>\nLes membres inscrits pour 2019, recevront une convocation par voie postale, ceux qui souhaiteront s&#8217;inscrire avant l&#8217;AG peuvent le faire en me contactant, ou en dernier recours, le secr\u00e9tariat sera ouvert le 27 avril d\u00e8s 14h00.<br \/>\nEn esp\u00e9rant vous voir nombreux,<br \/>\nCordialement<\/p>\n","protected":false},"excerpt":{"rendered":"<p>Bonjour \u00e0 tous, L&#8217;assembl\u00e9e g\u00e9n\u00e9rale ordinaire aura lieu le samedi 27 avril \u00e0 16h00, dans les locaux de l&#8217;association \u00e0 Creil. L&#8217;ordre du jour est identique aux autres ann\u00e9es, mais &hellip; <\/p>\n<p class=\"link-more\"><a href=\"https:\/\/aeroclubduvalois.fr\/index.php\/2019\/04\/26\/assemblee-generale\/\" class=\"more-link\">Lire la suite de<span class=\"screen-reader-text\">\u00ab\u00a0Assembl\u00e9e G\u00e9n\u00e9rale 2019\u00a0\u00bb<\/span><\/a><\/p>\n","protected":false},"author":13,"featured_media":0,"comment_status":"open","ping_status":"closed","sticky":false,"template":"","format":"standard","meta":{"footnotes":""},"categories":[2],"tags":[22],"class_list":["post-3270","post","type-post","status-publish","format-standard","hentry","category-annonces","tag-assemblee-generale"],"_links":{"self":[{"href":"https:\/\/aeroclubduvalois.fr\/index.php\/wp-json\/wp\/v2\/posts\/3270","targetHints":{"allow":["GET"]}}],"collection":[{"href":"https:\/\/aeroclubduvalois.fr\/index.php\/wp-json\/wp\/v2\/posts"}],"about":[{"href":"https:\/\/aeroclubduvalois.fr\/index.php\/wp-json\/wp\/v2\/types\/post"}],"author":[{"embeddable":true,"href":"https:\/\/aeroclubduvalois.fr\/index.php\/wp-json\/wp\/v2\/users\/13"}],"replies":[{"embeddable":true,"href":"https:\/\/aeroclubduvalois.fr\/index.php\/wp-json\/wp\/v2\/comments?post=3270"}],"version-history":[{"count":0,"href":"https:\/\/aeroclubduvalois.fr\/index.php\/wp-json\/wp\/v2\/posts\/3270\/revisions"}],"wp:attachment":[{"href":"https:\/\/aeroclubduvalois.fr\/index.php\/wp-json\/wp\/v2\/media?parent=3270"}],"wp:term":[{"taxonomy":"category","embeddable":true,"href":"https:\/\/aeroclubduvalois.fr\/index.php\/wp-json\/wp\/v2\/categories?post=3270"},{"taxonomy":"post_tag","embeddable":true,"href":"https:\/\/aeroclubduvalois.fr\/index.php\/wp-json\/wp\/v2\/tags?post=3270"}],"curies":[{"name":"wp","href":"https:\/\/api.w.org\/{rel}","templated":true}]}}