{"id":299,"date":"2009-05-05T16:27:39","date_gmt":"2009-05-05T15:27:39","guid":{"rendered":"http:\/\/aeroclub-creil.org\/?p=299"},"modified":"2009-05-05T16:27:39","modified_gmt":"2009-05-05T15:27:39","slug":"un-bb-un-bb-deux-brevets-de-base-en-plus","status":"publish","type":"post","link":"https:\/\/aeroclubduvalois.fr\/index.php\/2009\/05\/05\/un-bb-un-bb-deux-brevets-de-base-en-plus\/","title":{"rendered":"Un BB + Un BB = deux Brevets de Base en plus !"},"content":{"rendered":"<p style=\"text-align: justify;\">La folle \u00e9pop\u00e9e continue ! <strong>Jo\u00ebl HIARD<\/strong> et <strong>Christophe GRENECHE<\/strong> sont rentr\u00e9s \u00e9galement dans la \u00ab course \u00bb le mardi 5 mai 2009. Aux commandes de leurs bolides respectifs, l\u2019EC pour Jo\u00ebl et l\u2019<a title=\"AT 01 \u201cAquila\u201d F-HARM\" href=\"http:\/\/aeroclubduvalois.fr\/?page_id=191\">Aquila<\/a> pour Christophe, ils se sont retrouv\u00e9s tous les deux sur la premi\u00e8re place du podium avec \u00e0 la clef un <a title=\"Le Brevet de base, ou \u201cBB\u201d\" href=\"http:\/\/aeroclubduvalois.fr\/?page_id=143\">Brevet de Base<\/a> en poche !<\/p>\n<p style=\"text-align: justify;\">Nos F\u00e9licitations \u00e0 Jo\u00ebl et Christophe !<\/p>\n<p style=\"text-align: justify;\">Il r\u00e8gne \u00e0 l\u2019a\u00e9ro-club de Creil une dynamique synergique qui semble \u00ab contaminer \u00bb tous nos \u00e9l\u00e8ves pilotes. Vivement les Jeux Olympiques&#8230; En attendant nous vous souhaitons de bons vols en notre compagnie.<\/p>\n<p style=\"text-align: justify;\">A tr\u00e8s bient\u00f4t sur la fr\u00e9quence&#8230;<\/p>\n<address style=\"text-align: justify;\">L&#8217;\u00e9quipe de communication<\/address>\n","protected":false},"excerpt":{"rendered":"<p>La folle \u00e9pop\u00e9e continue ! Jo\u00ebl HIARD et Christophe GRENECHE sont rentr\u00e9s \u00e9galement dans la \u00ab course \u00bb le mardi 5 mai 2009. Aux commandes de leurs bolides respectifs, l\u2019EC &hellip; <\/p>\n<p class=\"link-more\"><a href=\"https:\/\/aeroclubduvalois.fr\/index.php\/2009\/05\/05\/un-bb-un-bb-deux-brevets-de-base-en-plus\/\" class=\"more-link\">Lire la suite de<span class=\"screen-reader-text\">\u00ab\u00a0Un BB + Un BB = deux Brevets de Base en plus !\u00a0\u00bb<\/span><\/a><\/p>\n","protected":false},"author":13,"featured_media":0,"comment_status":"closed","ping_status":"closed","sticky":false,"template":"","format":"standard","meta":{"footnotes":""},"categories":[10],"tags":[],"class_list":["post-299","post","type-post","status-publish","format-standard","hentry","category-examens"],"_links":{"self":[{"href":"https:\/\/aeroclubduvalois.fr\/index.php\/wp-json\/wp\/v2\/posts\/299","targetHints":{"allow":["GET"]}}],"collection":[{"href":"https:\/\/aeroclubduvalois.fr\/index.php\/wp-json\/wp\/v2\/posts"}],"about":[{"href":"https:\/\/aeroclubduvalois.fr\/index.php\/wp-json\/wp\/v2\/types\/post"}],"author":[{"embeddable":true,"href":"https:\/\/aeroclubduvalois.fr\/index.php\/wp-json\/wp\/v2\/users\/13"}],"replies":[{"embeddable":true,"href":"https:\/\/aeroclubduvalois.fr\/index.php\/wp-json\/wp\/v2\/comments?post=299"}],"version-history":[{"count":0,"href":"https:\/\/aeroclubduvalois.fr\/index.php\/wp-json\/wp\/v2\/posts\/299\/revisions"}],"wp:attachment":[{"href":"https:\/\/aeroclubduvalois.fr\/index.php\/wp-json\/wp\/v2\/media?parent=299"}],"wp:term":[{"taxonomy":"category","embeddable":true,"href":"https:\/\/aeroclubduvalois.fr\/index.php\/wp-json\/wp\/v2\/categories?post=299"},{"taxonomy":"post_tag","embeddable":true,"href":"https:\/\/aeroclubduvalois.fr\/index.php\/wp-json\/wp\/v2\/tags?post=299"}],"curies":[{"name":"wp","href":"https:\/\/api.w.org\/{rel}","templated":true}]}}