{"id":259,"date":"2009-09-19T15:49:34","date_gmt":"2009-09-19T14:49:34","guid":{"rendered":"http:\/\/aeroclub-creil.org\/?p=259"},"modified":"2009-09-19T15:49:34","modified_gmt":"2009-09-19T14:49:34","slug":"19-09-fermeture-de-la-piste","status":"publish","type":"post","link":"https:\/\/aeroclubduvalois.fr\/index.php\/2009\/09\/19\/19-09-fermeture-de-la-piste\/","title":{"rendered":"19.09 : fermeture de la piste"},"content":{"rendered":"<p style=\"text-align: justify;\">En raison de travaux de d\u00e9pollution pyrotechnique qui auront lieu sur la base a\u00e9rienne 110 le samedi 9 septembre, la piste sera ferm\u00e9e de 7h30 \u00e0 18h.<\/p>\n<p style=\"text-align: justify;\">Si n\u00e9cessaire, il sera possible de pr\u00e9 positionner les avions sur un terrain ext\u00e9rieur, comme Le Plessis.<\/p>\n","protected":false},"excerpt":{"rendered":"<p>En raison de travaux de d\u00e9pollution pyrotechnique qui auront lieu sur la base a\u00e9rienne 110 le samedi 9 septembre, la piste sera ferm\u00e9e de 7h30 \u00e0 18h. Si n\u00e9cessaire, il &hellip; <\/p>\n<p class=\"link-more\"><a href=\"https:\/\/aeroclubduvalois.fr\/index.php\/2009\/09\/19\/19-09-fermeture-de-la-piste\/\" class=\"more-link\">Lire la suite de<span class=\"screen-reader-text\">\u00ab\u00a019.09 : fermeture de la piste\u00a0\u00bb<\/span><\/a><\/p>\n","protected":false},"author":13,"featured_media":0,"comment_status":"closed","ping_status":"closed","sticky":false,"template":"","format":"standard","meta":{"footnotes":""},"categories":[2],"tags":[],"class_list":["post-259","post","type-post","status-publish","format-standard","hentry","category-annonces"],"_links":{"self":[{"href":"https:\/\/aeroclubduvalois.fr\/index.php\/wp-json\/wp\/v2\/posts\/259","targetHints":{"allow":["GET"]}}],"collection":[{"href":"https:\/\/aeroclubduvalois.fr\/index.php\/wp-json\/wp\/v2\/posts"}],"about":[{"href":"https:\/\/aeroclubduvalois.fr\/index.php\/wp-json\/wp\/v2\/types\/post"}],"author":[{"embeddable":true,"href":"https:\/\/aeroclubduvalois.fr\/index.php\/wp-json\/wp\/v2\/users\/13"}],"replies":[{"embeddable":true,"href":"https:\/\/aeroclubduvalois.fr\/index.php\/wp-json\/wp\/v2\/comments?post=259"}],"version-history":[{"count":0,"href":"https:\/\/aeroclubduvalois.fr\/index.php\/wp-json\/wp\/v2\/posts\/259\/revisions"}],"wp:attachment":[{"href":"https:\/\/aeroclubduvalois.fr\/index.php\/wp-json\/wp\/v2\/media?parent=259"}],"wp:term":[{"taxonomy":"category","embeddable":true,"href":"https:\/\/aeroclubduvalois.fr\/index.php\/wp-json\/wp\/v2\/categories?post=259"},{"taxonomy":"post_tag","embeddable":true,"href":"https:\/\/aeroclubduvalois.fr\/index.php\/wp-json\/wp\/v2\/tags?post=259"}],"curies":[{"name":"wp","href":"https:\/\/api.w.org\/{rel}","templated":true}]}}