{"id":2582,"date":"2014-04-09T00:00:10","date_gmt":"2014-04-08T22:00:10","guid":{"rendered":"http:\/\/aeroclub-creil.org\/?p=2582"},"modified":"2014-04-09T00:00:10","modified_gmt":"2014-04-08T22:00:10","slug":"salon-daviation-de-friedrichshafen","status":"publish","type":"post","link":"https:\/\/aeroclubduvalois.fr\/index.php\/2014\/04\/09\/salon-daviation-de-friedrichshafen\/","title":{"rendered":"Salon d&#8217;aviation de Friedrichshafen"},"content":{"rendered":"<p style=\"text-align: justify;\">Chers amis,<\/p>\n<p style=\"text-align: justify;\">le salon d&#8217;aviation l\u00e9g\u00e8re de Friedrichshafen aura lieu du 9 au 12 avril 2014, \u00e0&#8230; Friedrichshafen, en Allemagne, sur les rives du lac de Constance.<\/p>\n<p style=\"text-align: justify;\">Notre instructeur <strong><a title=\"Les instructeurs\" href=\"http:\/\/aeroclubduvalois.fr\/?page_id=2496\">Bruno LEMAIRE<\/a><\/strong> se propose pour encadrer une sortie l\u00e0-bas. Ce serait une excellente occasion de combiner navigation, pratique de l&#8217;anglais a\u00e9ronautique, d\u00e9couverte des prochains produits de l&#8217;aviation l\u00e9g\u00e8re, et tourisme.<\/p>\n<p>Si vous \u00eates int\u00e9ress\u00e9s, manifestez-vous :<\/p>\n<ul>\n<li>par mail \u00e0 l\u2019adresse de Bruno<\/li>\n<li>ou via le <a title=\"Nous contacter\" href=\"http:\/\/aeroclubduvalois.fr\/?page_id=471\">formulaire de contact<\/a><\/li>\n<li>ou par t\u00e9l\u00e9phone au 03 44 25 03 39<\/li>\n<\/ul>\n<p>Pour plus d&#8217;informations sur le salon : <a title=\"http:\/\/www.aero-expo.com\" href=\"http:\/\/www.aero-expo.com\" target=\"_blank\" rel=\"noopener\">http:\/\/www.aero-expo.com<\/a><\/p>\n","protected":false},"excerpt":{"rendered":"<p>Chers amis, le salon d&#8217;aviation l\u00e9g\u00e8re de Friedrichshafen aura lieu du 9 au 12 avril 2014, \u00e0&#8230; Friedrichshafen, en Allemagne, sur les rives du lac de Constance. Notre instructeur Bruno &hellip; <\/p>\n<p class=\"link-more\"><a href=\"https:\/\/aeroclubduvalois.fr\/index.php\/2014\/04\/09\/salon-daviation-de-friedrichshafen\/\" class=\"more-link\">Lire la suite de<span class=\"screen-reader-text\">\u00ab\u00a0Salon d&#8217;aviation de Friedrichshafen\u00a0\u00bb<\/span><\/a><\/p>\n","protected":false},"author":13,"featured_media":0,"comment_status":"open","ping_status":"closed","sticky":false,"template":"","format":"standard","meta":{"footnotes":""},"categories":[2,9,14],"tags":[77,87],"class_list":["post-2582","post","type-post","status-publish","format-standard","hentry","category-annonces","category-evenements","category-sortie","tag-meeting","tag-salon"],"_links":{"self":[{"href":"https:\/\/aeroclubduvalois.fr\/index.php\/wp-json\/wp\/v2\/posts\/2582","targetHints":{"allow":["GET"]}}],"collection":[{"href":"https:\/\/aeroclubduvalois.fr\/index.php\/wp-json\/wp\/v2\/posts"}],"about":[{"href":"https:\/\/aeroclubduvalois.fr\/index.php\/wp-json\/wp\/v2\/types\/post"}],"author":[{"embeddable":true,"href":"https:\/\/aeroclubduvalois.fr\/index.php\/wp-json\/wp\/v2\/users\/13"}],"replies":[{"embeddable":true,"href":"https:\/\/aeroclubduvalois.fr\/index.php\/wp-json\/wp\/v2\/comments?post=2582"}],"version-history":[{"count":0,"href":"https:\/\/aeroclubduvalois.fr\/index.php\/wp-json\/wp\/v2\/posts\/2582\/revisions"}],"wp:attachment":[{"href":"https:\/\/aeroclubduvalois.fr\/index.php\/wp-json\/wp\/v2\/media?parent=2582"}],"wp:term":[{"taxonomy":"category","embeddable":true,"href":"https:\/\/aeroclubduvalois.fr\/index.php\/wp-json\/wp\/v2\/categories?post=2582"},{"taxonomy":"post_tag","embeddable":true,"href":"https:\/\/aeroclubduvalois.fr\/index.php\/wp-json\/wp\/v2\/tags?post=2582"}],"curies":[{"name":"wp","href":"https:\/\/api.w.org\/{rel}","templated":true}]}}