{"id":1960,"date":"2012-03-31T00:00:42","date_gmt":"2012-03-30T22:00:42","guid":{"rendered":"http:\/\/aeroclub-creil.org\/?p=1960"},"modified":"2012-03-31T00:00:42","modified_gmt":"2012-03-30T22:00:42","slug":"journee-citoyenne-2012","status":"publish","type":"post","link":"https:\/\/aeroclubduvalois.fr\/index.php\/2012\/03\/31\/journee-citoyenne-2012\/","title":{"rendered":"Journ\u00e9e citoyenne 2012"},"content":{"rendered":"<p style=\"text-align: justify;\">A l&#8217;occasion de la journ\u00e9e &#8220;Portes Ouvertes&#8221; du lendemain dimanche 1er avril, nous renouvelons la journ\u00e9e citoyenne de notre a\u00e9ro-club la veille, le samedi 31 mars. Elle aura pour objet de pr\u00e9parer cette journ\u00e9e et de nettoyer notre flotte d\u2019avions ainsi que nos installations. Une restauration sur place sera organis\u00e9e pour rendre ces menus &#8220;travaux&#8221; plus conviviaux.<\/p>\n<p style=\"text-align: justify;\">Nous invitons les membres qui peuvent se rendre disponibles \u00e0 contacter <a title=\"L\u2019\u00e9quipe dirigeante\" href=\"http:\/\/aeroclubduvalois.fr\/?page_id=1332\"><strong>Jean-Pierre PANNIER<\/strong><\/a> par t\u00e9l\u00e9phone au 06 12 30 56 10 ou \u00e0 s\u2019inscrire au club sur le tableau.<\/p>\n","protected":false},"excerpt":{"rendered":"<p>A l&#8217;occasion de la journ\u00e9e &#8220;Portes Ouvertes&#8221; du lendemain dimanche 1er avril, nous renouvelons la journ\u00e9e citoyenne de notre a\u00e9ro-club la veille, le samedi 31 mars. Elle aura pour objet &hellip; <\/p>\n<p class=\"link-more\"><a href=\"https:\/\/aeroclubduvalois.fr\/index.php\/2012\/03\/31\/journee-citoyenne-2012\/\" class=\"more-link\">Lire la suite de<span class=\"screen-reader-text\">\u00ab\u00a0Journ\u00e9e citoyenne 2012\u00a0\u00bb<\/span><\/a><\/p>\n","protected":false},"author":13,"featured_media":0,"comment_status":"closed","ping_status":"closed","sticky":false,"template":"","format":"standard","meta":{"footnotes":""},"categories":[2,9],"tags":[],"class_list":["post-1960","post","type-post","status-publish","format-standard","hentry","category-annonces","category-evenements"],"_links":{"self":[{"href":"https:\/\/aeroclubduvalois.fr\/index.php\/wp-json\/wp\/v2\/posts\/1960","targetHints":{"allow":["GET"]}}],"collection":[{"href":"https:\/\/aeroclubduvalois.fr\/index.php\/wp-json\/wp\/v2\/posts"}],"about":[{"href":"https:\/\/aeroclubduvalois.fr\/index.php\/wp-json\/wp\/v2\/types\/post"}],"author":[{"embeddable":true,"href":"https:\/\/aeroclubduvalois.fr\/index.php\/wp-json\/wp\/v2\/users\/13"}],"replies":[{"embeddable":true,"href":"https:\/\/aeroclubduvalois.fr\/index.php\/wp-json\/wp\/v2\/comments?post=1960"}],"version-history":[{"count":0,"href":"https:\/\/aeroclubduvalois.fr\/index.php\/wp-json\/wp\/v2\/posts\/1960\/revisions"}],"wp:attachment":[{"href":"https:\/\/aeroclubduvalois.fr\/index.php\/wp-json\/wp\/v2\/media?parent=1960"}],"wp:term":[{"taxonomy":"category","embeddable":true,"href":"https:\/\/aeroclubduvalois.fr\/index.php\/wp-json\/wp\/v2\/categories?post=1960"},{"taxonomy":"post_tag","embeddable":true,"href":"https:\/\/aeroclubduvalois.fr\/index.php\/wp-json\/wp\/v2\/tags?post=1960"}],"curies":[{"name":"wp","href":"https:\/\/api.w.org\/{rel}","templated":true}]}}