{"id":1840,"date":"2011-10-22T20:18:44","date_gmt":"2011-10-22T18:18:44","guid":{"rendered":"http:\/\/aeroclub-creil.org\/?p=1840"},"modified":"2011-10-22T20:18:44","modified_gmt":"2011-10-22T18:18:44","slug":"soiree-vol-de-nuit-le-samedi-22-octobre-2010","status":"publish","type":"post","link":"https:\/\/aeroclubduvalois.fr\/index.php\/2011\/10\/22\/soiree-vol-de-nuit-le-samedi-22-octobre-2010\/","title":{"rendered":"Soir\u00e9e vol de nuit le samedi 22 octobre 2011"},"content":{"rendered":"<p style=\"text-align: justify;\">Chers membres,<\/p>\n<p style=\"text-align: justify;\">les nuits commencent \u00e0 se rallonger et sont de plus en plus propices aux vir\u00e9es nocturnes !<\/p>\n<p style=\"text-align: justify;\">L&#8217;a\u00e9ro-club de Creil organise une soir\u00e9e vol de nuit le samedi 22 octobre 2011. Nous serions tr\u00e8s heureux de vous retrouver \u00e0 partir de 19h00 pour cette manifestation &#8220;nocturne&#8221; qui sera suivi d\u2019un repas. L\u2019occasion de partager de bons moments ensemble.<\/p>\n<p style=\"text-align: justify;\">Afin de pr\u00e9voir la logistique, n\u2019oubliez pas de vous inscrire sur le tableau blanc ou bien de contacter l&#8217;a\u00e9ro-club.<\/p>\n<p style=\"text-align: justify;\">N&#8217;oubliez pas \u00e9galement que vous devez avoir 3 atterrissages dans les trois derniers mois pour embarquer des passagers \u00e0 bord (PPL non IFR). Cette soir\u00e9e est donc l&#8217;occasion de vous remettre \u00e0 jour pour l&#8217;hiver.<\/p>\n<p style=\"text-align: justify;\">Bons vols \u00e0 tous,<\/p>\n","protected":false},"excerpt":{"rendered":"<p>Chers membres, les nuits commencent \u00e0 se rallonger et sont de plus en plus propices aux vir\u00e9es nocturnes ! L&#8217;a\u00e9ro-club de Creil organise une soir\u00e9e vol de nuit le samedi &hellip; <\/p>\n<p class=\"link-more\"><a href=\"https:\/\/aeroclubduvalois.fr\/index.php\/2011\/10\/22\/soiree-vol-de-nuit-le-samedi-22-octobre-2010\/\" class=\"more-link\">Lire la suite de<span class=\"screen-reader-text\">\u00ab\u00a0Soir\u00e9e vol de nuit le samedi 22 octobre 2011\u00a0\u00bb<\/span><\/a><\/p>\n","protected":false},"author":13,"featured_media":0,"comment_status":"closed","ping_status":"closed","sticky":false,"template":"","format":"standard","meta":{"footnotes":""},"categories":[2],"tags":[],"class_list":["post-1840","post","type-post","status-publish","format-standard","hentry","category-annonces"],"_links":{"self":[{"href":"https:\/\/aeroclubduvalois.fr\/index.php\/wp-json\/wp\/v2\/posts\/1840","targetHints":{"allow":["GET"]}}],"collection":[{"href":"https:\/\/aeroclubduvalois.fr\/index.php\/wp-json\/wp\/v2\/posts"}],"about":[{"href":"https:\/\/aeroclubduvalois.fr\/index.php\/wp-json\/wp\/v2\/types\/post"}],"author":[{"embeddable":true,"href":"https:\/\/aeroclubduvalois.fr\/index.php\/wp-json\/wp\/v2\/users\/13"}],"replies":[{"embeddable":true,"href":"https:\/\/aeroclubduvalois.fr\/index.php\/wp-json\/wp\/v2\/comments?post=1840"}],"version-history":[{"count":0,"href":"https:\/\/aeroclubduvalois.fr\/index.php\/wp-json\/wp\/v2\/posts\/1840\/revisions"}],"wp:attachment":[{"href":"https:\/\/aeroclubduvalois.fr\/index.php\/wp-json\/wp\/v2\/media?parent=1840"}],"wp:term":[{"taxonomy":"category","embeddable":true,"href":"https:\/\/aeroclubduvalois.fr\/index.php\/wp-json\/wp\/v2\/categories?post=1840"},{"taxonomy":"post_tag","embeddable":true,"href":"https:\/\/aeroclubduvalois.fr\/index.php\/wp-json\/wp\/v2\/tags?post=1840"}],"curies":[{"name":"wp","href":"https:\/\/api.w.org\/{rel}","templated":true}]}}