{"id":1758,"date":"2011-06-17T13:28:16","date_gmt":"2011-06-17T11:28:16","guid":{"rendered":"http:\/\/aeroclub-creil.org\/?p=1758"},"modified":"2011-06-17T13:28:16","modified_gmt":"2011-06-17T11:28:16","slug":"sortie-club-le-26-juin","status":"publish","type":"post","link":"https:\/\/aeroclubduvalois.fr\/index.php\/2011\/06\/17\/sortie-club-le-26-juin\/","title":{"rendered":"Sortie club le 26 juin"},"content":{"rendered":"<p>Bonjour \u00e0 tous,<\/p>\n<p>Le club organise une sortie &#8220;pique-nique&#8221; \u00e0 Granville le dimanche 26 juin avec pilotes, \u00e9l\u00e8ves et instructeurs.<\/p>\n<p>D\u00e9part  pr\u00e9vu vers 9h, escale en route, pique-nique sur la plage&#8230; et baignade  pour les plus courageux!!! Retour \u00e0 Creil vers 18 h avec une escale  \u00e9galement sur le retour.  Si la m\u00e9t\u00e9o n&#8217;est pas au rendez vous, nous  choisir une autre destination en fonction.<\/p>\n<p>Vous pouvez d\u00e8s aujourd\u2019hui vous inscrire sur le tableau du club. Les places seront limit\u00e9es par le nombre d&#8217;avions&#8230;<\/p>\n<p>Bons vols \u00e0 tous,<\/p>\n","protected":false},"excerpt":{"rendered":"<p>Bonjour \u00e0 tous, Le club organise une sortie &#8220;pique-nique&#8221; \u00e0 Granville le dimanche 26 juin avec pilotes, \u00e9l\u00e8ves et instructeurs. D\u00e9part pr\u00e9vu vers 9h, escale en route, pique-nique sur la &hellip; <\/p>\n<p class=\"link-more\"><a href=\"https:\/\/aeroclubduvalois.fr\/index.php\/2011\/06\/17\/sortie-club-le-26-juin\/\" class=\"more-link\">Lire la suite de<span class=\"screen-reader-text\">\u00ab\u00a0Sortie club le 26 juin\u00a0\u00bb<\/span><\/a><\/p>\n","protected":false},"author":13,"featured_media":0,"comment_status":"closed","ping_status":"closed","sticky":false,"template":"","format":"standard","meta":{"footnotes":""},"categories":[2,14],"tags":[],"class_list":["post-1758","post","type-post","status-publish","format-standard","hentry","category-annonces","category-sortie"],"_links":{"self":[{"href":"https:\/\/aeroclubduvalois.fr\/index.php\/wp-json\/wp\/v2\/posts\/1758","targetHints":{"allow":["GET"]}}],"collection":[{"href":"https:\/\/aeroclubduvalois.fr\/index.php\/wp-json\/wp\/v2\/posts"}],"about":[{"href":"https:\/\/aeroclubduvalois.fr\/index.php\/wp-json\/wp\/v2\/types\/post"}],"author":[{"embeddable":true,"href":"https:\/\/aeroclubduvalois.fr\/index.php\/wp-json\/wp\/v2\/users\/13"}],"replies":[{"embeddable":true,"href":"https:\/\/aeroclubduvalois.fr\/index.php\/wp-json\/wp\/v2\/comments?post=1758"}],"version-history":[{"count":0,"href":"https:\/\/aeroclubduvalois.fr\/index.php\/wp-json\/wp\/v2\/posts\/1758\/revisions"}],"wp:attachment":[{"href":"https:\/\/aeroclubduvalois.fr\/index.php\/wp-json\/wp\/v2\/media?parent=1758"}],"wp:term":[{"taxonomy":"category","embeddable":true,"href":"https:\/\/aeroclubduvalois.fr\/index.php\/wp-json\/wp\/v2\/categories?post=1758"},{"taxonomy":"post_tag","embeddable":true,"href":"https:\/\/aeroclubduvalois.fr\/index.php\/wp-json\/wp\/v2\/tags?post=1758"}],"curies":[{"name":"wp","href":"https:\/\/api.w.org\/{rel}","templated":true}]}}