{"id":1087,"date":"2011-01-17T21:53:28","date_gmt":"2011-01-17T20:53:28","guid":{"rendered":"http:\/\/aeroclub-creil.org\/?p=1087"},"modified":"2011-01-17T21:53:28","modified_gmt":"2011-01-17T20:53:28","slug":"soiree-vol-de-nuit-le-samedi-22-janvier-2011","status":"publish","type":"post","link":"https:\/\/aeroclubduvalois.fr\/index.php\/2011\/01\/17\/soiree-vol-de-nuit-le-samedi-22-janvier-2011\/","title":{"rendered":"Soir\u00e9e vol de nuit le samedi 22 janvier 2011"},"content":{"rendered":"<p style=\"text-align: justify;\">Chers membres,<\/p>\n<p style=\"text-align: justify;\">L&#8217;a\u00e9ro-club de Creil organise sa premi\u00e8re soir\u00e9e vol de nuit de l\u2019ann\u00e9e, le samedi 22 janvier 2011. Nous serions tr\u00e8s heureux de vous retrouver \u00e0 partir de 18h30 pour cette manifestation &#8220;nocturne&#8221; qui sera suivi d\u2019un repas de circonstance. Afin de pr\u00e9voir la logistique, n\u2019oubliez pas de vous inscrire sur le tableau blanc ou bien de contacter l&#8217;a\u00e9ro-club.<\/p>\n<p style=\"text-align: justify;\">N&#8217;oubliez pas \u00e9galement que vous devez avoir 1 atterrissage de nuit dans les trois derniers mois pour embarquer des passagers \u00e0 bord (PPL non IFR). Cette soir\u00e9e est donc l&#8217;occasion de vous remettre \u00e0 jour pour l&#8217;hiver.  Aussi, certains instructeurs, habilit\u00e9s \u00e0 l&#8217;instruction de nuit, seront disponibles pour les pilotes qui souhaitent d\u00e9buter une formation VFR de nuit ou bien tout simplement faire un atterrissage en double de nuit avant de partir en solo.<\/p>\n<p style=\"text-align: justify;\">Bons vols \u00e0 tous,<\/p>\n","protected":false},"excerpt":{"rendered":"<p>Chers membres, L&#8217;a\u00e9ro-club de Creil organise sa premi\u00e8re soir\u00e9e vol de nuit de l\u2019ann\u00e9e, le samedi 22 janvier 2011. Nous serions tr\u00e8s heureux de vous retrouver \u00e0 partir de 18h30 &hellip; <\/p>\n<p class=\"link-more\"><a href=\"https:\/\/aeroclubduvalois.fr\/index.php\/2011\/01\/17\/soiree-vol-de-nuit-le-samedi-22-janvier-2011\/\" class=\"more-link\">Lire la suite de<span class=\"screen-reader-text\">\u00ab\u00a0Soir\u00e9e vol de nuit le samedi 22 janvier 2011\u00a0\u00bb<\/span><\/a><\/p>\n","protected":false},"author":13,"featured_media":0,"comment_status":"closed","ping_status":"closed","sticky":false,"template":"","format":"standard","meta":{"footnotes":""},"categories":[9],"tags":[],"class_list":["post-1087","post","type-post","status-publish","format-standard","hentry","category-evenements"],"_links":{"self":[{"href":"https:\/\/aeroclubduvalois.fr\/index.php\/wp-json\/wp\/v2\/posts\/1087","targetHints":{"allow":["GET"]}}],"collection":[{"href":"https:\/\/aeroclubduvalois.fr\/index.php\/wp-json\/wp\/v2\/posts"}],"about":[{"href":"https:\/\/aeroclubduvalois.fr\/index.php\/wp-json\/wp\/v2\/types\/post"}],"author":[{"embeddable":true,"href":"https:\/\/aeroclubduvalois.fr\/index.php\/wp-json\/wp\/v2\/users\/13"}],"replies":[{"embeddable":true,"href":"https:\/\/aeroclubduvalois.fr\/index.php\/wp-json\/wp\/v2\/comments?post=1087"}],"version-history":[{"count":0,"href":"https:\/\/aeroclubduvalois.fr\/index.php\/wp-json\/wp\/v2\/posts\/1087\/revisions"}],"wp:attachment":[{"href":"https:\/\/aeroclubduvalois.fr\/index.php\/wp-json\/wp\/v2\/media?parent=1087"}],"wp:term":[{"taxonomy":"category","embeddable":true,"href":"https:\/\/aeroclubduvalois.fr\/index.php\/wp-json\/wp\/v2\/categories?post=1087"},{"taxonomy":"post_tag","embeddable":true,"href":"https:\/\/aeroclubduvalois.fr\/index.php\/wp-json\/wp\/v2\/tags?post=1087"}],"curies":[{"name":"wp","href":"https:\/\/api.w.org\/{rel}","templated":true}]}}